{"id":477921,"date":"2025-10-06T17:18:14","date_gmt":"2025-10-06T17:18:14","guid":{"rendered":"https:\/\/www.europesays.com\/de\/477921\/"},"modified":"2025-10-06T17:18:14","modified_gmt":"2025-10-06T17:18:14","slug":"demokratietag-europas-zukunft-gestalten-fand-zum-ersten-mal-statt","status":"publish","type":"post","link":"https:\/\/www.europesays.com\/de\/477921\/","title":{"rendered":"&#8222;DemokratieTag &#8211; Europas Zukunft gestalten&#8220; fand zum ersten Mal statt"},"content":{"rendered":"<p>\t\t\t\t\t\t\t\t\t<img fetchpriority=\"high\" decoding=\"async\" aria-describedby=\"caption-attachment-87873\" class=\"size-full wp-image-87873\" src=\"https:\/\/www.europesays.com\/de\/wp-content\/uploads\/2025\/10\/251006_DemokratieTag.jpg\" alt=\"Rund 120 Sch\u00fclerinnen und Sch\u00fcler kamen am Montag, 6. Oktober 2025, erstmals zur Veranstaltung &quot;DemokratieTag \u2013 Europas Zukunft gestalten&quot; zusammen. Die Sch\u00fclerinnen und Sch\u00fcler besuchen das G\u00f6rres Gymnasium und die Lore-Lorenz-Schule aus D\u00fcsseldorf, das Berufskolleg S\u00fcdstadt K\u00f6ln, das Berufskolleg Vera Beckers in Krefeld und das Berufskolleg Geldern. \u00a9 Viktor Suszek\" width=\"1024\" height=\"683\"  \/><\/p>\n<p id=\"caption-attachment-87873\" class=\"wp-caption-text\">Rund 120 Sch\u00fc\u00adle\u00adrin\u00adnen und Sch\u00fc\u00adler kamen am Mon\u00adtag, 6. Okto\u00adber 2025, erst\u00admals zur Ver\u00adan\u00adstal\u00adtung \u201cDemo\u00adkra\u00adtie\u00adTag \u2013 Euro\u00adpas Zukunft gestal\u00adten\u201d zusam\u00admen. Die Sch\u00fc\u00adle\u00adrin\u00adnen und Sch\u00fc\u00adler besu\u00adchen das G\u00f6r\u00adres Gym\u00adna\u00adsium und die Lore-Lorenz-Schule aus D\u00fcs\u00adsel\u00addorf, das Berufs\u00adkol\u00adleg S\u00fcd\u00adstadt K\u00f6ln, das Berufs\u00adkol\u00adleg Vera Beckers in Kre\u00adfeld und das Berufs\u00adkol\u00adleg Gel\u00addern. \u00a9 Vik\u00adtor Suszek<\/p>\n<p style=\"text-align: justify;\">Rund 120 Sch\u00fc\u00adle\u00adrin\u00adnen und Sch\u00fc\u00adler aus D\u00fcs\u00adsel\u00addorf und Umge\u00adbung kamen am Mon\u00adtag, 6. Okto\u00adber 2025, erst\u00admals zur Ver\u00adan\u00adstal\u00adtung \u201cDemo\u00adkra\u00adtie\u00adTag \u2013 Euro\u00adpas Zukunft gestal\u00adten\u201d zusam\u00admen. Damit wurde an den erfolg\u00adrei\u00adchen \u201cJugend\u00adtag f\u00fcr Europa\u201d der ver\u00adgan\u00adge\u00adnen Jahre ange\u00adkn\u00fcpft und der Fokus auf Demo\u00adkra\u00adtie in Europa gesetzt. Zur Er\u00f6ff\u00adnung im Max\u00adhaus wurde ein Video-Inter\u00adview mit Ober\u00adb\u00fcr\u00adger\u00admeis\u00adter Dr. Ste\u00adphan Kel\u00adler, der Schirm\u00adherr der Ver\u00adan\u00adstal\u00adtung ist, gezeigt.<\/p>\n<p style=\"text-align: justify;\">Ober\u00adb\u00fcr\u00adger\u00admeis\u00adter Dr. Ste\u00adphan Kel\u00adler: \u201cDas Enga\u00adge\u00adment jun\u00adger Men\u00adschen f\u00fcr die Demo\u00adkra\u00adtie ist von gro\u00ad\u00dfer Bedeu\u00adtung f\u00fcr ein star\u00adkes, zukunfts\u00adf\u00e4\u00adhi\u00adges Mit\u00adein\u00adan\u00adder. Demo\u00adkra\u00adtie wird beson\u00adders dann span\u00adnend, wenn man sie selbst mit\u00adge\u00adstal\u00adten kann. Mit dem Demo\u00adkra\u00adtie\u00adTag wol\u00adlen wir daher den Sch\u00fc\u00adle\u00adrin\u00adnen und Sch\u00fc\u00adlern zei\u00adgen, wie viel Gestal\u00adtungs\u00adkraft in demo\u00adkra\u00adti\u00adschem Han\u00addeln steckt und wie viel ihr Enga\u00adge\u00adment bewir\u00adken\u00a0kann.\u201d<\/p>\n<p style=\"text-align: justify;\">Der Demo\u00adkra\u00adtie\u00adTag wurde von der Lan\u00addes\u00adin\u00aditia\u00adtive Europa-Schecks des Minis\u00adters f\u00fcr Bun\u00addes- und Euro\u00adpa\u00adan\u00adge\u00adle\u00adgen\u00adhei\u00adten, Inter\u00adna\u00adtio\u00adna\u00adles sowie Medien und Chef der Staats\u00adkanz\u00adlei des Lan\u00addes Nord\u00adrhein-West\u00adfa\u00adlen unter\u00adst\u00fctzt \u2014 eine Aus\u00adzeich\u00adnung, die Pro\u00adjekte erhal\u00adten, die sich in viel\u00adf\u00e4l\u00adti\u00adger Weise f\u00fcr die euro\u00adp\u00e4i\u00adschen Werte in Nord\u00adrhein-West\u00adfa\u00adlen ein\u00adset\u00adzen. Minis\u00adter Natha\u00adnael Lim\u00adin\u00adski hat die Sch\u00fc\u00adle\u00adrin\u00adnen und Sch\u00fc\u00adler per\u00ads\u00f6n\u00adlich begr\u00fc\u00dft.<\/p>\n<p style=\"text-align: justify;\">Im Rah\u00admen der Er\u00f6ff\u00adnung stellte die D\u00fcs\u00adsel\u00addor\u00adfer Musi\u00adke\u00adrin und Slam Poe\u00adtin Aylin Celik ihre Gedan\u00adken \u00fcber den Zustand der Demo\u00adkra\u00adtie vor. Anschlie\u00ad\u00dfend konn\u00adten die Sch\u00fc\u00adle\u00adrin\u00adnen und Sch\u00fc\u00adler an euro\u00adpa\u00adbe\u00adzo\u00adge\u00adnen Mit\u00admach\u00adak\u00adtio\u00adnen teil\u00adneh\u00admen und sich vor Ort bei den Jun\u00adgen Euro\u00adp\u00e4i\u00adschen F\u00f6deralist:innen Nord\u00adrhein-West\u00adfa\u00adlen und beim Deutsch-Fran\u00adz\u00f6\u00adsi\u00adschen Jugend\u00adwerk \u00fcber Enga\u00adge\u00adment und Aus\u00adlands\u00adauf\u00adent\u00adhalte in Europa informieren.<\/p>\n<p style=\"text-align: justify;\">Kern\u00adst\u00fcck des Demo\u00adkra\u00adtie\u00adTags war das Plan\u00adspiel mit dem Thema \u201cWie ent\u00adschei\u00addet die Euro\u00adp\u00e4i\u00adsche Union? \u2013 Facet\u00adten der Demo\u00adkra\u00adtie\u201d, das im Max\u00adhaus und im Rat\u00adhaus statt\u00adfand. Dabei schl\u00fcpf\u00adten die Sch\u00fc\u00adle\u00adrin\u00adnen und Sch\u00fc\u00adler in die Rol\u00adlen von Mit\u00adglie\u00addern des Euro\u00adp\u00e4i\u00adschen Par\u00adla\u00adments, des Rates der Euro\u00adp\u00e4i\u00adschen Union sowie der Euro\u00adp\u00e4i\u00adschen Kom\u00admis\u00adsion und simu\u00adlier\u00adten das ordent\u00adli\u00adche Gesetz\u00adge\u00adbungs\u00adver\u00adfah\u00adren der EU in ver\u00adein\u00adfach\u00adter Form. Sie ver\u00adhan\u00addel\u00adten \u00fcber ein m\u00f6g\u00adli\u00adches Ver\u00adbot von Kurz\u00adstre\u00adcken\u00adfl\u00fc\u00adgen inner\u00adhalb der EU und erleb\u00adten unmit\u00adtel\u00adbar, wie demo\u00adkra\u00adti\u00adsche Ent\u00adschei\u00addungs\u00adpro\u00adzesse auf euro\u00adp\u00e4i\u00adscher Ebene ablaufen.<\/p>\n<p style=\"text-align: justify;\"><strong>Hin\u00adter\u00adgrund<\/strong><br \/>Das Pro\u00adjekt ent\u00adstand in Koope\u00adra\u00adtion zwi\u00adschen dem Europe Direct D\u00fcs\u00adsel\u00addorf, dem Max\u00adhaus \u2013 Katho\u00adli\u00adschen Stadt\u00adhaus D\u00fcs\u00adsel\u00addorf, dem Regio\u00adnal\u00adb\u00fcro Rhein\u00adland der Kon\u00adrad-Ade\u00adnauer-Stif\u00adtung sowie der Volks\u00adhoch\u00adschule D\u00fcsseldorf.<\/p>\n<p>\u00a0<\/p>\n<p><img loading=\"lazy\" decoding=\"async\" aria-describedby=\"caption-attachment-82135\" class=\"size-full wp-image-82135\" src=\"https:\/\/www.europesays.com\/de\/wp-content\/uploads\/2025\/05\/Bildschirmfoto-2025-05-22-um-07.52.42.png\" alt=\"Werbung\" width=\"670\" height=\"416\"  \/><\/p>\n<p id=\"caption-attachment-82135\" class=\"wp-caption-text\">Ein\u00adfach auf der Star\u00adseite anmelden\u00a0!<\/p>\n","protected":false},"excerpt":{"rendered":"Rund 120 Sch\u00fc\u00adle\u00adrin\u00adnen und Sch\u00fc\u00adler kamen am Mon\u00adtag, 6. Okto\u00adber 2025, erst\u00admals zur Ver\u00adan\u00adstal\u00adtung \u201cDemo\u00adkra\u00adtie\u00adTag \u2013 Euro\u00adpas Zukunft&hellip;\n","protected":false},"author":2,"featured_media":477922,"comment_status":"","ping_status":"","sticky":false,"template":"","format":"standard","meta":{"footnotes":""},"categories":[1831],"tags":[3364,29,3405,30,1209],"class_list":{"0":"post-477921","1":"post","2":"type-post","3":"status-publish","4":"format-standard","5":"has-post-thumbnail","7":"category-duesseldorf","8":"tag-de","9":"tag-deutschland","10":"tag-duesseldorf","11":"tag-germany","12":"tag-nordrhein-westfalen"},"share_on_mastodon":{"url":"https:\/\/pubeurope.com\/@de\/115328365923488285","error":""},"_links":{"self":[{"href":"https:\/\/www.europesays.com\/de\/wp-json\/wp\/v2\/posts\/477921","targetHints":{"allow":["GET"]}}],"collection":[{"href":"https:\/\/www.europesays.com\/de\/wp-json\/wp\/v2\/posts"}],"about":[{"href":"https:\/\/www.europesays.com\/de\/wp-json\/wp\/v2\/types\/post"}],"author":[{"embeddable":true,"href":"https:\/\/www.europesays.com\/de\/wp-json\/wp\/v2\/users\/2"}],"replies":[{"embeddable":true,"href":"https:\/\/www.europesays.com\/de\/wp-json\/wp\/v2\/comments?post=477921"}],"version-history":[{"count":0,"href":"https:\/\/www.europesays.com\/de\/wp-json\/wp\/v2\/posts\/477921\/revisions"}],"wp:featuredmedia":[{"embeddable":true,"href":"https:\/\/www.europesays.com\/de\/wp-json\/wp\/v2\/media\/477922"}],"wp:attachment":[{"href":"https:\/\/www.europesays.com\/de\/wp-json\/wp\/v2\/media?parent=477921"}],"wp:term":[{"taxonomy":"category","embeddable":true,"href":"https:\/\/www.europesays.com\/de\/wp-json\/wp\/v2\/categories?post=477921"},{"taxonomy":"post_tag","embeddable":true,"href":"https:\/\/www.europesays.com\/de\/wp-json\/wp\/v2\/tags?post=477921"}],"curies":[{"name":"wp","href":"https:\/\/api.w.org\/{rel}","templated":true}]}}