{"id":478132,"date":"2025-10-06T19:16:16","date_gmt":"2025-10-06T19:16:16","guid":{"rendered":"https:\/\/www.europesays.com\/de\/478132\/"},"modified":"2025-10-06T19:16:16","modified_gmt":"2025-10-06T19:16:16","slug":"zwei-maenner-wegen-illegalen-gluecksspiels-angeklagt","status":"publish","type":"post","link":"https:\/\/www.europesays.com\/de\/478132\/","title":{"rendered":"Zwei M\u00e4nner wegen illegalen Gl\u00fccksspiels angeklagt"},"content":{"rendered":"<p class=\"text_ohne_einzug richtext text-em-55 !leading-serif mx-6 desktop:mx-0\">  Bei einer dreist\u00fcndigen <a href=\"https:\/\/rp-online.de\/thema\/razzia\/\" target=\"_blank\" rel=\"noopener\">Razzia<\/a> am 12. Oktober 2021 an der Eickener Stra\u00dfe wurde ein illegaler Gl\u00fccksspielklub in einer Wohnung eines Mehrfamilienhauses ausgehoben. Aus den R\u00e4umen im Erdgeschoss beschlagnahmten die Einsatzkr\u00e4fte damals zehn Gl\u00fccksspielautomaten, einen digitalen Roulette-Tisch sowie Geld in vierstelliger H\u00f6he. Zwei der Betreiber, ein 55-j\u00e4hriger und ein 64-j\u00e4hriger Mann, m\u00fcssen sich jetzt vor dem Amtsgericht M\u00f6nchengladbach verantworten.<\/p>\n","protected":false},"excerpt":{"rendered":"Bei einer dreist\u00fcndigen Razzia am 12. Oktober 2021 an der Eickener Stra\u00dfe wurde ein illegaler Gl\u00fccksspielklub in einer&hellip;\n","protected":false},"author":2,"featured_media":478133,"comment_status":"","ping_status":"","sticky":false,"template":"","format":"standard","meta":{"footnotes":""},"categories":[1849],"tags":[18287,1601,3364,29,44013,73251,548,663,3934,30,121040,13,57854,4455,14,15,1209,1269,94285,12,29499],"class_list":{"0":"post-478132","1":"post","2":"type-post","3":"status-publish","4":"format-standard","5":"has-post-thumbnail","7":"category-moenchengladbach","8":"tag-18287","9":"tag-amtsgericht","10":"tag-de","11":"tag-deutschland","12":"tag-digitalen","13":"tag-erdgeschoss","14":"tag-eu","15":"tag-europa","16":"tag-europe","17":"tag-germany","18":"tag-gluecksspielautomaten","19":"tag-headlines","20":"tag-mehrfamilienhauses","21":"tag-moenchengladbach","22":"tag-nachrichten","23":"tag-news","24":"tag-nordrhein-westfalen","25":"tag-prozess","26":"tag-roulette","27":"tag-schlagzeilen","28":"tag-tisch"},"share_on_mastodon":{"url":"https:\/\/pubeurope.com\/@de\/115328829710027086","error":""},"_links":{"self":[{"href":"https:\/\/www.europesays.com\/de\/wp-json\/wp\/v2\/posts\/478132","targetHints":{"allow":["GET"]}}],"collection":[{"href":"https:\/\/www.europesays.com\/de\/wp-json\/wp\/v2\/posts"}],"about":[{"href":"https:\/\/www.europesays.com\/de\/wp-json\/wp\/v2\/types\/post"}],"author":[{"embeddable":true,"href":"https:\/\/www.europesays.com\/de\/wp-json\/wp\/v2\/users\/2"}],"replies":[{"embeddable":true,"href":"https:\/\/www.europesays.com\/de\/wp-json\/wp\/v2\/comments?post=478132"}],"version-history":[{"count":0,"href":"https:\/\/www.europesays.com\/de\/wp-json\/wp\/v2\/posts\/478132\/revisions"}],"wp:featuredmedia":[{"embeddable":true,"href":"https:\/\/www.europesays.com\/de\/wp-json\/wp\/v2\/media\/478133"}],"wp:attachment":[{"href":"https:\/\/www.europesays.com\/de\/wp-json\/wp\/v2\/media?parent=478132"}],"wp:term":[{"taxonomy":"category","embeddable":true,"href":"https:\/\/www.europesays.com\/de\/wp-json\/wp\/v2\/categories?post=478132"},{"taxonomy":"post_tag","embeddable":true,"href":"https:\/\/www.europesays.com\/de\/wp-json\/wp\/v2\/tags?post=478132"}],"curies":[{"name":"wp","href":"https:\/\/api.w.org\/{rel}","templated":true}]}}