{"id":478163,"date":"2025-10-06T19:33:14","date_gmt":"2025-10-06T19:33:14","guid":{"rendered":"https:\/\/www.europesays.com\/de\/478163\/"},"modified":"2025-10-06T19:33:14","modified_gmt":"2025-10-06T19:33:14","slug":"ukraine-krieg-moskau-setzt-auf-tausende-soeldner-aus-kuba","status":"publish","type":"post","link":"https:\/\/www.europesays.com\/de\/478163\/","title":{"rendered":"Ukraine-Krieg: Moskau setzt auf Tausende S\u00f6ldner aus Kuba"},"content":{"rendered":"<p>\u201eNach Nordkorea ist Kuba der gr\u00f6\u00dfte Unterst\u00fctzer ausl\u00e4ndischer Truppen f\u00fcr die Aggression Russlands, mit sch\u00e4tzungsweise 1.000 bis 5.000 Kubanern, die in der Ukraine k\u00e4mpfen\u201c, zitierte Reuters aus dem Schreiben. Weiter hie\u00df es darin, Kuba und sein Pr\u00e4sident Miguel Diaz-Canel unterst\u00fctzten aktiv den Krieg Russlands in der Ukraine.<\/p>\n<p>Ein Sprecher des US-Au\u00dfenministeriums lehnte es ab, weitere Details zu den kubanischen K\u00e4mpfern zu nennen, sagte jedoch, Washington sei sich der Berichte bewusst, wonach diese gemeinsam mit russischen Truppen in der Ukraine k\u00e4mpften. \u201eDas kubanische Regime hat es vers\u00e4umt, seine B\u00fcrger davor zu sch\u00fctzen, als Schachfiguren im Krieg zwischen Russland und der Ukraine missbraucht zu werden\u201c, so der Sprecher.<\/p>\n<p>   <a href=\"https:\/\/debatte.orf.at\/stories\/1840732\/\" rel=\"nofollow noopener\" target=\"_blank\"><\/p>\n<p>         <img class=\"lazy-loading\"\/><\/p>\n<p>Debatte<\/p>\n<p>         Trump-Kehrtwende: Folgen f\u00fcr Ukraine-Krieg?<\/p>\n<p>   <\/a><\/p>\n<p>Kuba ist damit neben Nordkorea das zweite Land, das Russland in seinem Krieg in der Ukraine gro\u00dfr\u00e4umig mit Truppen unterst\u00fctzt. Nach Sch\u00e4tzungen des s\u00fcdkoreanischen Geheimdienstes hat Pj\u00f6ngjang rund 13.000 Soldaten zur russischen Unterst\u00fctzung in den Ukraine-Krieg entsandt \u2013 im Gegenzug erhielt Nordkorea Sicherheitsgarantien, Auslandsdevisen und mutma\u00dflich auch Milit\u00e4rtechnologie aus Moskau.<\/p>\n<p>Berichte \u00fcber 20.000 kubanische S\u00f6ldner<\/p>\n<p>In den letzten Wochen hatten ukrainische Beamte Reuters zufolge bereits vor der zunehmenden Rekrutierung kubanischer S\u00f6ldner durch Russland f\u00fcr den Kampf in der Ukraine gewarnt. Sch\u00e4tzungen dieser zufolge sollen sogar bis zu 20.000 S\u00f6ldner aus Kuba von Moskau angeworben worden sein, das w\u00fcrde sogar die Zahl der nordkoreanischen Soldaten \u00fcbersteigen. Unabh\u00e4ngig best\u00e4tigen lassen sich die Zahlen nicht. Den Karibikstaat und Russland zeichnet schon seit der Zeit des Kalten Krieges ein freundschaftliches Verh\u00e4ltnis aus.<\/p>\n<p>CBS News berichtete zuletzt mit Verweis auf ukrainische Beamte, dass kubanischen Staatsb\u00fcrgern von Russland Einjahresvertr\u00e4ge mit einem Monatsgehalt von 2.000 US-Dollar (rund 1.700 Euro) angeboten worden seien. Ein Durchschnittsgehalt in Kuba betr\u00e4gt laut Regierung etwa 6.500 Kubanische Pesos, das entspricht weniger als 17 Euro. Das Durchschnittsalter der S\u00f6ldner betrage 35 Jahre. Viele der Rekrutierten w\u00fcrden in Armut leben und seien dringend auf Geld angewiesen.<\/p>\n<p>Der ukrainische Milit\u00e4rgeheimdienst ver\u00f6ffentlichte laut der russischen Exilzeitung \u201eNovaya Gazeta Europe\u201c bereits im Mai die Namen von etwas mehr als 1.000 Kubanern, die zwischen 2023 und 2024 angeblich f\u00fcr den Kampf an der Seite des russischen Milit\u00e4rs rekrutiert worden waren. \u201eRussland rekrutiert seit Anfang 2023 aktiv S\u00f6ldner aus Kuba\u201c, erkl\u00e4rte der Geheimdienst laut der Zeitung damals.<\/p>\n<p>Schreiben: US-Diplomaten sollen Druck aus\u00fcben<\/p>\n<p>Hintergrund f\u00fcr die nun medial aufkommenden Zahlen an kubanischen K\u00e4mpfern in Russland ist das Reuters vorliegende Schreiben, das vom US-Au\u00dfenministerium an Dutzende US-Botschaften und -Konsulate verschickt worden war. Demnach sollten US-Diplomaten Druck auf die Regierungen ihrer L\u00e4nder aus\u00fcben, die Resolution gegen das US-Handelsembargo gegen Kuba nicht zu unterst\u00fctzen. Diese ist nicht bindend, wird aber seit 1992 jedes Jahr mit gro\u00dfer Mehrheit in der UNO-Generalversammlung verabschiedet.<\/p>\n<p>      <img decoding=\"async\" class=\"lazy-loading\" bad-src=\"data:image\/svg+xml;charset=utf-8,%3Csvg%20xmlns%3D'http%3A%2F%2Fwww.w3.org%2F2000%2Fsvg'%20viewBox%3D'0%200%205258%203505'%2F%3E\" src=\"https:\/\/www.europesays.com\/de\/wp-content\/uploads\/2025\/10\/2790452_bigpicture_1076348_ukraine_krieg_kubanische_kaempfer2_r.jpg\"  alt=\"Kubanischer Au\u00dfenminister Bruno Eduardo Rodriguez Parrilla redet vor UNO\"\/><\/p>\n<p>   Reuters\/Caitlin Ochs<\/p>\n<p>      Kubas Au\u00dfenminister Bruno Eduardo Rodriguez Parrilla vor der UNO-Generalversammlung Ende September<\/p>\n<p>Im vergangenen Jahr wurde die Resolution mit 187 Ja-Stimmen verabschiedet. Die USA und Israel stimmten als einzige dagegen, Moldawien enthielt sich der Stimme. Seit seiner R\u00fcckkehr ins Wei\u00dfe Haus hat US-Pr\u00e4sident Donald Trump unter anderem die Sanktionen gegen Kuba versch\u00e4rft sowie das Land wieder auf die US-Liste jener Staaten gesetzt, die Terrorismus unterst\u00fctzen. Das Handelsembargo der USA gegen das kommunistisch regierte Kuba wurde nach der Revolution von Fidel Castro 1959 verh\u00e4ngt.<\/p>\n<p>Schlagabtausch zwischen USA und Kuba<\/p>\n<p>In dem Schreiben des US-Au\u00dfenministeriums hie\u00df es weiter, die UNO-Resolution mache die USA \u201ezu Unrecht\u201c f\u00fcr die Probleme Kubas verantwortlich, die laut USA durch Kubas \u201eeigene Korruption und Inkompetenz\u201c verursacht worden seien. Das Ziel sei laut dem US-Schreiben, die ablehnende Haltung der US-Regierung zu demonstrieren und die Zahl der Ja-Stimmen deutlich zu reduzieren.<\/p>\n<p>Das US-Au\u00dfenministerium hielt fest, Kuba nutze die j\u00e4hrliche UNO-Resolution als Mechanismus, um sich selbst als Opfer darzustellen und verdiene daher keine Unterst\u00fctzung durch die demokratischen Verb\u00fcndeten Amerikas. Die kubanische Regierung macht wiederum die US-Sanktionen f\u00fcr die schwere Krise verantwortlich, in der sich das Land befindet. Die Abstimmung bei der UNO kann zwar politisches Gewicht haben, aber nur der US-Kongress kann das Embargo aus der Zeit des Kalten Krieges aufheben.<\/p>\n","protected":false},"excerpt":{"rendered":"\u201eNach Nordkorea ist Kuba der gr\u00f6\u00dfte Unterst\u00fctzer ausl\u00e4ndischer Truppen f\u00fcr die Aggression Russlands, mit sch\u00e4tzungsweise 1.000 bis 5.000&hellip;\n","protected":false},"author":2,"featured_media":478164,"comment_status":"","ping_status":"","sticky":false,"template":"","format":"standard","meta":{"footnotes":""},"categories":[3977],"tags":[331,332,13,14,15,12,4017,4018,4016,64,4019,4020],"class_list":{"0":"post-478163","1":"post","2":"type-post","3":"status-publish","4":"format-standard","5":"has-post-thumbnail","7":"category-usa","8":"tag-aktuelle-nachrichten","9":"tag-aktuelle-news","10":"tag-headlines","11":"tag-nachrichten","12":"tag-news","13":"tag-schlagzeilen","14":"tag-united-states","15":"tag-united-states-of-america","16":"tag-us","17":"tag-usa","18":"tag-vereinigte-staaten","19":"tag-vereinigte-staaten-von-amerika"},"share_on_mastodon":{"url":"https:\/\/pubeurope.com\/@de\/115328896919315440","error":""},"_links":{"self":[{"href":"https:\/\/www.europesays.com\/de\/wp-json\/wp\/v2\/posts\/478163","targetHints":{"allow":["GET"]}}],"collection":[{"href":"https:\/\/www.europesays.com\/de\/wp-json\/wp\/v2\/posts"}],"about":[{"href":"https:\/\/www.europesays.com\/de\/wp-json\/wp\/v2\/types\/post"}],"author":[{"embeddable":true,"href":"https:\/\/www.europesays.com\/de\/wp-json\/wp\/v2\/users\/2"}],"replies":[{"embeddable":true,"href":"https:\/\/www.europesays.com\/de\/wp-json\/wp\/v2\/comments?post=478163"}],"version-history":[{"count":0,"href":"https:\/\/www.europesays.com\/de\/wp-json\/wp\/v2\/posts\/478163\/revisions"}],"wp:featuredmedia":[{"embeddable":true,"href":"https:\/\/www.europesays.com\/de\/wp-json\/wp\/v2\/media\/478164"}],"wp:attachment":[{"href":"https:\/\/www.europesays.com\/de\/wp-json\/wp\/v2\/media?parent=478163"}],"wp:term":[{"taxonomy":"category","embeddable":true,"href":"https:\/\/www.europesays.com\/de\/wp-json\/wp\/v2\/categories?post=478163"},{"taxonomy":"post_tag","embeddable":true,"href":"https:\/\/www.europesays.com\/de\/wp-json\/wp\/v2\/tags?post=478163"}],"curies":[{"name":"wp","href":"https:\/\/api.w.org\/{rel}","templated":true}]}}