{"id":478597,"date":"2025-10-06T23:34:13","date_gmt":"2025-10-06T23:34:13","guid":{"rendered":"https:\/\/www.europesays.com\/de\/478597\/"},"modified":"2025-10-06T23:34:13","modified_gmt":"2025-10-06T23:34:13","slug":"wolffkran-uk-unter-neuer-leitung","status":"publish","type":"post","link":"https:\/\/www.europesays.com\/de\/478597\/","title":{"rendered":"Wolffkran UK unter neuer Leitung"},"content":{"rendered":"<p>            07.10.2025<\/p>\n<p>            Der deutsche Turmdrehkranhersteller und -vermieter Wolffkran hat <b>Dave Holder<\/b> zum Gesch\u00e4ftsf\u00fchrer (Managing Director) f\u00fcr Gro\u00dfbritannien ernannt. Er \u00fcbernimmt die Position von <b>Richard Coughtrey<\/b>, der zum Leiter der Konzernbuchhaltung (Head of Group Accounting) bef\u00f6rdert wurde.<\/p>\n<p>Dave Holder ist seit 2004 bei Wolffkran und dem britischen Vorg\u00e4ngerunternehmen <b>HTC<\/b> besch\u00e4ftigt, mit einer kurzen Unterbrechung zwischen 2012 und 2014, wo er bei Caspian Industrial Services t\u00e4tig war. Derzeit ist er bei Wolffkran als Betriebsleiter Europa t\u00e4tig und betreut in dieser Funktion die wachsende internationale Mietflotte des Konzerns. <\/p>\n<p>    <img decoding=\"async\" class=\"js-lazyimage lazyimage image__img\" src=\"https:\/\/www.europesays.com\/de\/wp-content\/uploads\/2025\/10\/11_dave-holder-official-affinioty_dac2b267.jpg\" data-width=\"1100\" data-height=\"949\" data-replace-placeholder=\"1\"\/><\/p>\n<p>            Dave Holder        <\/p>\n<p>Holder begann seine Karriere 1991 als Kranf\u00fchrer und Montageleiter beim britischen Kranvermieter Baldwins Industrial Services und wechselte 1994 in eine \u00e4hnliche Position zu Hewden. Nach acht Jahren im Unternehmen wechselte er zu HTC, wo er ebenfalls als Kranf\u00fchrer und Montageleiter t\u00e4tig war. Nach sieben Jahren in dieser Funktion wurde er zum nationalen Betriebsleiter bef\u00f6rdert und wechselte im darauffolgenden Jahr zu Caspian. Er kehrte 2014 als Direktor und Gesch\u00e4ftsf\u00fchrer zu HTC zur\u00fcck, als die \u00dcbernahme durch Wolffkran im Gange war, und wurde Ende 2018 in seine jetzige Position berufen. <\/p>\n<p>In einer Unternehmensmitteilung hei\u00dft es: \u201eMit \u00fcber vier Jahrzehnten Erfahrung in der Kranbranche, darunter in der Leitung von Betrieben in mehreren L\u00e4ndern, bringt Dave fundiertes technisches Wissen, kaufm\u00e4nnisches Geschick und eine einzigartige kooperative Denkweise mit. Seine Leidenschaft f\u00fcr herausragende Kundenl\u00f6sungen, sein Engagement f\u00fcr die Unterst\u00fctzung von Kollegen und sein einzigartiges Netzwerk in der Branche machen ihn zum idealen Kandidaten, um das britische Gesch\u00e4ft voranzubringen. Dave kehrt mit einem starken Sinn f\u00fcr Zielstrebigkeit und einer klaren Vision nach Gro\u00dfbritannien zur\u00fcck, um unsere Marktposition weiter zu st\u00e4rken.\u201c <\/p>\n<p>Holder f\u00fcgte hinzu: \u201eIch freue mich sehr, diese neue Verantwortung zu \u00fcbernehmen. Gemeinsam mit unserem starken Team freue ich mich darauf, den Ruf von Wolffkran weiter auszubauen und das Unternehmen in sein n\u00e4chstes Kapitel zu f\u00fchren.\u201c <\/p>\n<p>Richard Coughtrey \u00fcbernahm 2018 die Rolle des britischen Gesch\u00e4ftsf\u00fchrers, als Dave Holder seine globale Position bei Wolff \u00fcbernahm. In seiner neuen Position wird er f\u00fcr die zuk\u00fcnftige Ausrichtung der Rechnungslegungsgrunds\u00e4tze und -strategie des Konzerns verantwortlich sein. Die neue Aufgabe f\u00fchrt ihn zur\u00fcck zu seinen Wurzeln im Finanzwesen. Er trat 2005 als Finanzcontroller bei HTC in das Unternehmen ein und wurde 2014 zum Finanzdirektor bef\u00f6rdert. Diese Position \u00fcbte er bis 2018 aus, als er die Gesch\u00e4ftsf\u00fchrung \u00fcbernahm.<\/p>\n<p>    <img decoding=\"async\" class=\"js-lazyimage lazyimage image__img\" src=\"https:\/\/www.europesays.com\/de\/wp-content\/uploads\/2025\/10\/11_richard-coughtrey-official-crop_82b64d87.jpg\" data-width=\"1100\" data-height=\"932\" data-replace-placeholder=\"1\"\/><\/p>\n<p>            Richard Coughtrey        <\/p>\n<p>Zu seinem j\u00fcngsten Wechsel sagt er: \u201eEs war mir eine Ehre, unser britisches Team in den vergangenen Jahren zu leiten. Ich freue mich auf diese neue Herausforderung und darauf, zur langfristigen finanziellen St\u00e4rke und Entwicklung der Wolffkran-Gruppe beizutragen.\u201c\n                            <\/p>\n","protected":false},"excerpt":{"rendered":"07.10.2025 Der deutsche Turmdrehkranhersteller und -vermieter Wolffkran hat Dave Holder zum Gesch\u00e4ftsf\u00fchrer (Managing Director) f\u00fcr Gro\u00dfbritannien ernannt. Er&hellip;\n","protected":false},"author":2,"featured_media":478598,"comment_status":"","ping_status":"","sticky":false,"template":"","format":"standard","meta":{"footnotes":""},"categories":[3976],"tags":[331,332,13,14,15,12,3992,3993,3994,3995,3996,3997],"class_list":{"0":"post-478597","1":"post","2":"type-post","3":"status-publish","4":"format-standard","5":"has-post-thumbnail","7":"category-vereinigtes-koenigreich","8":"tag-aktuelle-nachrichten","9":"tag-aktuelle-news","10":"tag-headlines","11":"tag-nachrichten","12":"tag-news","13":"tag-schlagzeilen","14":"tag-uk","15":"tag-united-kingdom","16":"tag-united-kingdom-of-great-britain-and-northern-ireland","17":"tag-vereinigtes-koenigreich","18":"tag-vereinigtes-koenigreich-grossbritannien-und-nordirland","19":"tag-vereinigtes-koenigreich-von-grossbritannien-und-nordirland"},"share_on_mastodon":{"url":"https:\/\/pubeurope.com\/@de\/115329844714434182","error":""},"_links":{"self":[{"href":"https:\/\/www.europesays.com\/de\/wp-json\/wp\/v2\/posts\/478597","targetHints":{"allow":["GET"]}}],"collection":[{"href":"https:\/\/www.europesays.com\/de\/wp-json\/wp\/v2\/posts"}],"about":[{"href":"https:\/\/www.europesays.com\/de\/wp-json\/wp\/v2\/types\/post"}],"author":[{"embeddable":true,"href":"https:\/\/www.europesays.com\/de\/wp-json\/wp\/v2\/users\/2"}],"replies":[{"embeddable":true,"href":"https:\/\/www.europesays.com\/de\/wp-json\/wp\/v2\/comments?post=478597"}],"version-history":[{"count":0,"href":"https:\/\/www.europesays.com\/de\/wp-json\/wp\/v2\/posts\/478597\/revisions"}],"wp:featuredmedia":[{"embeddable":true,"href":"https:\/\/www.europesays.com\/de\/wp-json\/wp\/v2\/media\/478598"}],"wp:attachment":[{"href":"https:\/\/www.europesays.com\/de\/wp-json\/wp\/v2\/media?parent=478597"}],"wp:term":[{"taxonomy":"category","embeddable":true,"href":"https:\/\/www.europesays.com\/de\/wp-json\/wp\/v2\/categories?post=478597"},{"taxonomy":"post_tag","embeddable":true,"href":"https:\/\/www.europesays.com\/de\/wp-json\/wp\/v2\/tags?post=478597"}],"curies":[{"name":"wp","href":"https:\/\/api.w.org\/{rel}","templated":true}]}}