{"id":478789,"date":"2025-10-07T01:22:11","date_gmt":"2025-10-07T01:22:11","guid":{"rendered":"https:\/\/www.europesays.com\/de\/478789\/"},"modified":"2025-10-07T01:22:11","modified_gmt":"2025-10-07T01:22:11","slug":"gerlingen-vergangenheit-mit-zukunft-65-jahre-stadtmuseum-ge","status":"publish","type":"post","link":"https:\/\/www.europesays.com\/de\/478789\/","title":{"rendered":"Gerlingen: VERGANGENHEIT MIT ZUKUNFT. 65 Jahre Stadtmuseum Ge"},"content":{"rendered":"<p>Donnerstag, 30.10.2025, 18 Uhr<\/p>\n<p>Den Festvortrag zur Geschichte des Museums h\u00e4lt Klaus Herrmann, der Leiter des Gerlinger Stadtarchivs. Die Er\u00f6ffnung findet im Sitzungssaal des Gerlinger Rathauses statt. Im Anschluss Besuch der Ausstellung im Stadtmuseum mit Umtrunk.<\/p>\n<p>Ohne Anmeldung<\/p>\n<p>Ohne Geb\u00fchr<\/p>\n<p>Bereits ab Mitte der 1950er Jahre begann man in Gerlingen systematisch eine ortsgeschichtliche Sammlung aufzubauen. 1960 bezog das damalige Gerlinger Stadtarchiv mit heimatkundlicher Sammlung erstmals eigene R\u00e4umlichkeiten im ehemaligen Feuerwehrhaus, dem heutigen Haus der Volkshochschule. Damit war die Sammlung institutionalisiert und die Geschichte unseres Museums begann. 1967 erfolgte der Umzug der Heimatkundlichen Sammlung ins neue Rathaus. Dort gab es ab 1971 zudem ein Ungarndeutsches Museum. Beide Sammlungen wurden 1982 zusammengefasst und im hierf\u00fcr renovierten Alten Schulhaus pr\u00e4sentiert.<\/p>\n<p>In den vergangenen 65 Jahren wurden im Museum zahlreiche kulturelle Zeugnisse von der Ur- und Fr\u00fchgeschichte bis in die Gegenwart gesammelt, erforscht und f\u00fcr zuk\u00fcnftige Generationen bewahrt. Das Haus ist so zu einem zentralen Ort f\u00fcr die st\u00e4dtische Geschichte und Kultur geworden.<\/p>\n<p>Doch das Museum ist weit mehr als nur das kulturelle Ged\u00e4chtnis der Stadt. Es ist ein Ort, an dem Bildung, Wissensvermittlung und Reflexion stattfinden. In der Auseinandersetzung mit Vergangenheit und Gegenwart \u00f6ffnet sich hier der Blick f\u00fcr die Zukunft. Und nicht zuletzt tr\u00e4gt das Museum als lebendiger Raum f\u00fcr alle gesellschaftlichen Gruppen zu Gemeinschaft und Integration bei.<\/p>\n<p>Um dies f\u00fcr das Publikum erlebbar zu machen, wurde von Anfang an ein besonderer Schwerpunkt auf eine vielf\u00e4ltige und abwechslungsreiche Ausstellungst\u00e4tigkeit gelegt. Insgesamt gab es 170 kulturhistorische Ausstellungen von Asterix und Auswanderung \u00fcber Bosch und Barbie, Schiller und Schutzengel bis zu Zeitmessern und Zeitenwende.<\/p>\n<p>Im Zentrum unserer Jubil\u00e4umsschau steht ein R\u00fcckblick auf die Ausstellungen der letzten 65 Jahre. Plakate, Postkarten, Zeitungsartikel und ausgew\u00e4hlte Ausstellungsobjekte wecken Erinnerungen, bieten aber auch viele \u00fcberraschende Entdeckungen. Vielleicht inspiriert Sie das auch zu eigenen Ausstellungsideen. Wie soll es weitergehen? Gerne kommen wir mit Ihnen ins Gespr\u00e4ch.<\/p>\n<p>Bei uns daheim<\/p>\n<p class=\"infobox\">Die hier ver\u00f6ffentlichten Artikel wurden von Vereinen und Gemeinden, Schulen und Kinderg\u00e4rten, Kirchengemeinden und Initiativen verfasst. Die Artikel wurden von unserer Redaktion gepr\u00fcft und freigegeben. F\u00fcr die Richtigkeit aller Angaben \u00fcbernehmen wir keine Gew\u00e4hr.<\/p>\n","protected":false},"excerpt":{"rendered":"Donnerstag, 30.10.2025, 18 Uhr Den Festvortrag zur Geschichte des Museums h\u00e4lt Klaus Herrmann, der Leiter des Gerlinger Stadtarchivs.&hellip;\n","protected":false},"author":2,"featured_media":478790,"comment_status":"","ping_status":"","sticky":false,"template":"","format":"standard","meta":{"footnotes":""},"categories":[1830],"tags":[1634,8994,51614,8993,23475,72639,3364,29,30,1441],"class_list":{"0":"post-478789","1":"post","2":"type-post","3":"status-publish","4":"format-standard","5":"has-post-thumbnail","7":"category-stuttgart","8":"tag-baden-wuerttemberg","9":"tag-bei-uns-daheim","10":"tag-bei-uns-daheim-gerlingen","11":"tag-bei-uns-daheim-kreis-ludwigsburg","12":"tag-bei-uns-daheim-leonberg-strohgaeu","13":"tag-bei-uns-daheim-stadtmuseum-gerlingen","14":"tag-de","15":"tag-deutschland","16":"tag-germany","17":"tag-stuttgart"},"share_on_mastodon":{"url":"https:\/\/pubeurope.com\/@de\/115330269509511266","error":""},"_links":{"self":[{"href":"https:\/\/www.europesays.com\/de\/wp-json\/wp\/v2\/posts\/478789","targetHints":{"allow":["GET"]}}],"collection":[{"href":"https:\/\/www.europesays.com\/de\/wp-json\/wp\/v2\/posts"}],"about":[{"href":"https:\/\/www.europesays.com\/de\/wp-json\/wp\/v2\/types\/post"}],"author":[{"embeddable":true,"href":"https:\/\/www.europesays.com\/de\/wp-json\/wp\/v2\/users\/2"}],"replies":[{"embeddable":true,"href":"https:\/\/www.europesays.com\/de\/wp-json\/wp\/v2\/comments?post=478789"}],"version-history":[{"count":0,"href":"https:\/\/www.europesays.com\/de\/wp-json\/wp\/v2\/posts\/478789\/revisions"}],"wp:featuredmedia":[{"embeddable":true,"href":"https:\/\/www.europesays.com\/de\/wp-json\/wp\/v2\/media\/478790"}],"wp:attachment":[{"href":"https:\/\/www.europesays.com\/de\/wp-json\/wp\/v2\/media?parent=478789"}],"wp:term":[{"taxonomy":"category","embeddable":true,"href":"https:\/\/www.europesays.com\/de\/wp-json\/wp\/v2\/categories?post=478789"},{"taxonomy":"post_tag","embeddable":true,"href":"https:\/\/www.europesays.com\/de\/wp-json\/wp\/v2\/tags?post=478789"}],"curies":[{"name":"wp","href":"https:\/\/api.w.org\/{rel}","templated":true}]}}