{"id":478810,"date":"2025-10-07T01:34:11","date_gmt":"2025-10-07T01:34:11","guid":{"rendered":"https:\/\/www.europesays.com\/de\/478810\/"},"modified":"2025-10-07T01:34:11","modified_gmt":"2025-10-07T01:34:11","slug":"russischer-botschafter-bei-bsw-ausstellung-erwartet","status":"publish","type":"post","link":"https:\/\/www.europesays.com\/de\/478810\/","title":{"rendered":"Russischer Botschafter bei BSW-Ausstellung erwartet"},"content":{"rendered":"<p class=\"paragraph tw-mx-auto tw-mb-6\">Der russische Botschafter in Deutschland, Sergej Netschajew, wird auf Einladung der BSW-Fraktion heute (16.00 Uhr) zu einer Ausstellungser\u00f6ffnung im Brandenburger Landtag erwartet. Die Einladung st\u00f6\u00dft vor dem Hintergrund des russischen Angriffskriegs in der Ukraine und Empfehlungen des Ausw\u00e4rtigen Amtes zu offiziellen Veranstaltungen auf Kritik von CDU und Gr\u00fcnen und Skepsis vom Koalitionspartner SPD.<\/p>\n<p class=\"paragraph tw-mx-auto tw-mb-6\">Zur Er\u00f6ffnung ihrer Ausstellung \u201eKrieg und Frieden\u201c mit Werken der K\u00fcnstler Hans und Lea Grundig lud die BSW-Fraktion Botschaftsvertreter mehrerer Staaten ein, darunter europ\u00e4ische L\u00e4nder sowie Russland, die Ukraine und die USA. Der russische Botschafter sagte nach Angaben der Fraktion zu, ebenso Vertreter von Belarus und Ungarn. Hans und Lea Grundig, die vor dem Zweiten Weltkrieg der Kommunistischen Partei angeh\u00f6rten, wurden von den Nationalsozialisten verfolgt.\u00a0<\/p>\n<p class=\"paragraph tw-mx-auto tw-mb-6\">Die SPD grenzte sich inhaltlich ab. \u201eAls SPD-Fraktion k\u00e4men wir derzeit nicht auf die Idee, Russlands Botschafter einzuladen\u201c, sagte der SPD-Fraktionsvorsitzende Bj\u00f6rn L\u00fcttmann und begr\u00fcndete dies mit dem Krieg Russlands gegen die Ukraine. BSW-Fraktionschef Niels-Olaf L\u00fcders verteidigte die Einladung. Es gehe darum, mit Kriegsparteien in Kontakt zu treten, um sich f\u00fcr Frieden einzusetzen. Landtagspr\u00e4sidentin Ulrike Liedtke wird die Ausstellungser\u00f6ffnung nicht besuchen. Auch Ministerpr\u00e4sident Dietmar Woidke (SPD) oder andere Vertreter der Landesregierung werden laut Regierungssprecherin Ines Filohn nicht zu der Er\u00f6ffnung kommen.<\/p>\n","protected":false},"excerpt":{"rendered":"Der russische Botschafter in Deutschland, Sergej Netschajew, wird auf Einladung der BSW-Fraktion heute (16.00 Uhr) zu einer Ausstellungser\u00f6ffnung&hellip;\n","protected":false},"author":2,"featured_media":478811,"comment_status":"","ping_status":"","sticky":false,"template":"","format":"standard","meta":{"footnotes":""},"categories":[1825],"tags":[2704,296,10208,29,30,8221,4046,1985,5566,10806,9326],"class_list":{"0":"post-478810","1":"post","2":"type-post","3":"status-publish","4":"format-standard","5":"has-post-thumbnail","7":"category-berlin","8":"tag-ausstellungen","9":"tag-berlin","10":"tag-bsw","11":"tag-deutschland","12":"tag-germany","13":"tag-konflikte","14":"tag-krieg","15":"tag-landtag","16":"tag-parteien","17":"tag-sergej-netschajew","18":"tag-updateme"},"share_on_mastodon":{"url":"https:\/\/pubeurope.com\/@de\/115330315933608385","error":""},"_links":{"self":[{"href":"https:\/\/www.europesays.com\/de\/wp-json\/wp\/v2\/posts\/478810","targetHints":{"allow":["GET"]}}],"collection":[{"href":"https:\/\/www.europesays.com\/de\/wp-json\/wp\/v2\/posts"}],"about":[{"href":"https:\/\/www.europesays.com\/de\/wp-json\/wp\/v2\/types\/post"}],"author":[{"embeddable":true,"href":"https:\/\/www.europesays.com\/de\/wp-json\/wp\/v2\/users\/2"}],"replies":[{"embeddable":true,"href":"https:\/\/www.europesays.com\/de\/wp-json\/wp\/v2\/comments?post=478810"}],"version-history":[{"count":0,"href":"https:\/\/www.europesays.com\/de\/wp-json\/wp\/v2\/posts\/478810\/revisions"}],"wp:featuredmedia":[{"embeddable":true,"href":"https:\/\/www.europesays.com\/de\/wp-json\/wp\/v2\/media\/478811"}],"wp:attachment":[{"href":"https:\/\/www.europesays.com\/de\/wp-json\/wp\/v2\/media?parent=478810"}],"wp:term":[{"taxonomy":"category","embeddable":true,"href":"https:\/\/www.europesays.com\/de\/wp-json\/wp\/v2\/categories?post=478810"},{"taxonomy":"post_tag","embeddable":true,"href":"https:\/\/www.europesays.com\/de\/wp-json\/wp\/v2\/tags?post=478810"}],"curies":[{"name":"wp","href":"https:\/\/api.w.org\/{rel}","templated":true}]}}