{"id":478819,"date":"2025-10-07T01:40:13","date_gmt":"2025-10-07T01:40:13","guid":{"rendered":"https:\/\/www.europesays.com\/de\/478819\/"},"modified":"2025-10-07T01:40:13","modified_gmt":"2025-10-07T01:40:13","slug":"zweite-auflage-erster-koblenzer-buchpreis-verliehen-kultur","status":"publish","type":"post","link":"https:\/\/www.europesays.com\/de\/478819\/","title":{"rendered":"Zweite Auflage: Erster Koblenzer Buchpreis verliehen &#8211; Kultur"},"content":{"rendered":"<p>Zweite Auflage<\/p>\n<p>Erster Koblenzer Buchpreis verliehen<\/p>\n<p><img loading=\"lazy\" decoding=\"async\" src=\"https:\/\/www.europesays.com\/de\/wp-content\/uploads\/2025\/10\/4149841_1_figurenolazy_img_3894-2-1.jpeg\" alt=\"\" title=\"\" width=\"960\" height=\"540\" class=\"img-fluid\"\/>iClaudia Schwindt und Lars Neger k\u00f6nnen sich f\u00fcr ihr unter dem Pseudonym Claire Larsen geschriebenen Roman &#8222;Neunzehn Jahre&#8220; \u00fcber den ersten Koblenzer Buchpreis freuen. Claus Ambrosius<\/p>\n<p class=\"teaser\">Weit weniger Publikum als erhofft str\u00f6mte zur zweiten Koblenzer Buchmesse, bei der erstmals der Koblenzer Buchpreis verliehen wurde: Ein unter Pseudonym schreibendes Autorenpaar aus Mendig konnte sich \u00fcber die mit 1000 Euro dotierte Ehrung freuen.\u00a0<\/p>\n<p>\n Viele Aussteller, gute Stimmung \u2013 aber weit weniger Publikum als erwartet. Das ist die Bilanz der zweiten Koblenzer Buchmesse vom Wochenende. Mit 3000 bis, ganz optimistisch, 5000 Interessierten hatte ihr Initiator, der Autor Dieter Ditscheid, gerechnet.\n<\/p>\n<p>Artikel teilen <\/p>\n<p>Ressort und Schlagw\u00f6rterKulturKultur<\/p>\n","protected":false},"excerpt":{"rendered":"Zweite Auflage Erster Koblenzer Buchpreis verliehen iClaudia Schwindt und Lars Neger k\u00f6nnen sich f\u00fcr ihr unter dem Pseudonym&hellip;\n","protected":false},"author":2,"featured_media":478820,"comment_status":"","ping_status":"","sticky":false,"template":"","format":"standard","meta":{"footnotes":""},"categories":[1774],"tags":[1784,1785,29,214,30,1425,80,215],"class_list":{"0":"post-478819","1":"post","2":"type-post","3":"status-publish","4":"format-standard","5":"has-post-thumbnail","7":"category-buecher","8":"tag-books","9":"tag-buecher","10":"tag-deutschland","11":"tag-entertainment","12":"tag-germany","13":"tag-koblenz","14":"tag-kultur","15":"tag-unterhaltung"},"share_on_mastodon":{"url":"https:\/\/pubeurope.com\/@de\/115330339647124737","error":""},"_links":{"self":[{"href":"https:\/\/www.europesays.com\/de\/wp-json\/wp\/v2\/posts\/478819","targetHints":{"allow":["GET"]}}],"collection":[{"href":"https:\/\/www.europesays.com\/de\/wp-json\/wp\/v2\/posts"}],"about":[{"href":"https:\/\/www.europesays.com\/de\/wp-json\/wp\/v2\/types\/post"}],"author":[{"embeddable":true,"href":"https:\/\/www.europesays.com\/de\/wp-json\/wp\/v2\/users\/2"}],"replies":[{"embeddable":true,"href":"https:\/\/www.europesays.com\/de\/wp-json\/wp\/v2\/comments?post=478819"}],"version-history":[{"count":0,"href":"https:\/\/www.europesays.com\/de\/wp-json\/wp\/v2\/posts\/478819\/revisions"}],"wp:featuredmedia":[{"embeddable":true,"href":"https:\/\/www.europesays.com\/de\/wp-json\/wp\/v2\/media\/478820"}],"wp:attachment":[{"href":"https:\/\/www.europesays.com\/de\/wp-json\/wp\/v2\/media?parent=478819"}],"wp:term":[{"taxonomy":"category","embeddable":true,"href":"https:\/\/www.europesays.com\/de\/wp-json\/wp\/v2\/categories?post=478819"},{"taxonomy":"post_tag","embeddable":true,"href":"https:\/\/www.europesays.com\/de\/wp-json\/wp\/v2\/tags?post=478819"}],"curies":[{"name":"wp","href":"https:\/\/api.w.org\/{rel}","templated":true}]}}