{"id":478823,"date":"2025-10-07T01:45:24","date_gmt":"2025-10-07T01:45:24","guid":{"rendered":"https:\/\/www.europesays.com\/de\/478823\/"},"modified":"2025-10-07T01:45:24","modified_gmt":"2025-10-07T01:45:24","slug":"verlaengerung-beim-bvb-darum-zoegert-schlotterbeck","status":"publish","type":"post","link":"https:\/\/www.europesays.com\/de\/478823\/","title":{"rendered":"Verl\u00e4ngerung beim BVB? Darum z\u00f6gert Schlotterbeck"},"content":{"rendered":"\n<p>Dass Borussia Dortmund den Vertrag von Nico Schlotterbeck verl\u00e4ngern will, ist kein Geheimnis. Doch der BVB-Star z\u00f6gert noch.<\/p>\n<p>Laut &#8222;Sky&#8220; liegt Schlotterbeck bereits ein\u00a0konkretes Angebot zur Vertragsverl\u00e4ngerung vor.\u00a0<\/p>\n<p>Das neue Arbeitspapier soll bis 2030 G\u00fcltigkeit besitzen. Au\u00dferdem soll der Innenverteidiger in die Riege der Topverdiener aufsteigen.<\/p>\n<p>Noch hat Schlotterbeck aber nicht unterschrieben. Der 25-J\u00e4hrige soll mit seiner Unterschrift noch z\u00f6gern, da er zun\u00e4chst die sportliche Entwicklung bei Borussia Dortmund abwarten will.<\/p>\n<p>Schlotterbeck ist vertraglich noch bis 2027 an den BVB gebunden. <a href=\"https:\/\/www.sport.de\/news\/ne14508713\/bvb-schlotterbeck-beim-fc-bayern-und-fc-barcelona-gehandelt\/\" target=\"_blank\" rel=\"noopener\">Zuletzt hatte das Portal\u00a0&#8222;fichajes.net&#8220; berichtet, dass sowohl der FC Bayern als auch der FC Barcelona die F\u00fchler nach dem Nationalspieler ausstrecken<\/a>.<\/p>\n<p>Auch Lothar Matth\u00e4us schrieb in seiner &#8222;Sky&#8220;-Kolumne: <a href=\"https:\/\/www.sport.de\/news\/ne14624756\/fc-bayern-lothar-matthaeus-raet-zu-bvb-star-wenn-\/\" target=\"_blank\" rel=\"noopener\">&#8222;Sollte Upamecano die Bayern im Sommer tats\u00e4chlich verlassen, hat man ein Qualit\u00e4ts- und Quantit\u00e4tsproblem auf dieser Position. Dann sollte sich der FC Bayern um\u00a0Nico Schlotterbeck\u00a0bem\u00fchen.<\/a>\u00a0Derzeit z\u00f6gert er beim\u00a0BVB\u00a0mit einer Vertragsverl\u00e4ngerung \u00fcber 2027 hinaus und Dortmund m\u00fcsste ihn im Sommer verkaufen, wenn man noch eine ordentliche Abl\u00f6se kassieren will.&#8220;<\/p>\n<p>Video: Schotterbeck \u00fcber Verl\u00e4ngerung und DFB-Comeback<\/p>\n<p>BVB will mit Schlotterbeck verl\u00e4ngern<\/p>\n<p>Die BVB-Verantwortlichen haben l\u00e4ngst \u00f6ffentlich klargestellt, dass man den Vertrag von Schlotterbeck verl\u00e4ngern will.\u00a0<\/p>\n<p>&#8222;Wir sind seit l\u00e4ngerem in Gespr\u00e4chen. Ich kann versprechen, dass wir dran arbeiten. Es wird noch ein paar Tage brauchen&#8220;, \u00e4u\u00dferte sich Borussia Dortmunds Sportdirektor Sebastian Kehl zuletzt gegen\u00fcber &#8222;Sky&#8220; zum Poker.<\/p>\n<p><a href=\"https:\/\/plus.rtl.de\/themenwelt\/bundesliga?utm_campaign=bannerlink&amp;utm_source=sportde&amp;utm_medium=owned&amp;utm_position=article\" target=\"_blank\" rel=\"noopener\"><img decoding=\"async\" src=\"https:\/\/www.europesays.com\/de\/wp-content\/uploads\/2025\/08\/6x3x_4c6G1t_l.jpg\"\/><\/a><\/p>\n<p>Dass Schlotterbeck noch nicht unterschrieben hat,\u00a0bedeute nicht, dass der DFB-Star nicht \u00fcberzeugt sei. Es gehe vielmehr darum, dass er &#8222;zu sich finden will, in den Rhythmus kommen will und er gro\u00dfe Ziele verfolgt &#8211; die hoffentlich mit dem BVB. Ich bin weiterhin sehr optimistisch&#8220;, erkl\u00e4rte Kehl.<\/p>\n","protected":false},"excerpt":{"rendered":"Dass Borussia Dortmund den Vertrag von Nico Schlotterbeck verl\u00e4ngern will, ist kein Geheimnis. Doch der BVB-Star z\u00f6gert noch.&hellip;\n","protected":false},"author":2,"featured_media":478824,"comment_status":"","ping_status":"","sticky":false,"template":"","format":"standard","meta":{"footnotes":""},"categories":[136],"tags":[888,299,29,347,30,5973,265,863,887,4443],"class_list":{"0":"post-478823","1":"post","2":"type-post","3":"status-publish","4":"format-standard","5":"has-post-thumbnail","7":"category-sport","8":"tag-borussia-dortmund","9":"tag-bundesliga","10":"tag-deutschland","11":"tag-fussball","12":"tag-germany","13":"tag-nico-schlotterbeck","14":"tag-sport","15":"tag-sport-allgemein","16":"tag-top-fussball","17":"tag-transfers-und-geruechte"},"share_on_mastodon":{"url":"https:\/\/pubeurope.com\/@de\/115330359707642445","error":""},"_links":{"self":[{"href":"https:\/\/www.europesays.com\/de\/wp-json\/wp\/v2\/posts\/478823","targetHints":{"allow":["GET"]}}],"collection":[{"href":"https:\/\/www.europesays.com\/de\/wp-json\/wp\/v2\/posts"}],"about":[{"href":"https:\/\/www.europesays.com\/de\/wp-json\/wp\/v2\/types\/post"}],"author":[{"embeddable":true,"href":"https:\/\/www.europesays.com\/de\/wp-json\/wp\/v2\/users\/2"}],"replies":[{"embeddable":true,"href":"https:\/\/www.europesays.com\/de\/wp-json\/wp\/v2\/comments?post=478823"}],"version-history":[{"count":0,"href":"https:\/\/www.europesays.com\/de\/wp-json\/wp\/v2\/posts\/478823\/revisions"}],"wp:featuredmedia":[{"embeddable":true,"href":"https:\/\/www.europesays.com\/de\/wp-json\/wp\/v2\/media\/478824"}],"wp:attachment":[{"href":"https:\/\/www.europesays.com\/de\/wp-json\/wp\/v2\/media?parent=478823"}],"wp:term":[{"taxonomy":"category","embeddable":true,"href":"https:\/\/www.europesays.com\/de\/wp-json\/wp\/v2\/categories?post=478823"},{"taxonomy":"post_tag","embeddable":true,"href":"https:\/\/www.europesays.com\/de\/wp-json\/wp\/v2\/tags?post=478823"}],"curies":[{"name":"wp","href":"https:\/\/api.w.org\/{rel}","templated":true}]}}