{"id":479122,"date":"2025-10-07T04:39:10","date_gmt":"2025-10-07T04:39:10","guid":{"rendered":"https:\/\/www.europesays.com\/de\/479122\/"},"modified":"2025-10-07T04:39:10","modified_gmt":"2025-10-07T04:39:10","slug":"katholischen-grundschule-in-kaarst-verzoegerung-beim-anbau","status":"publish","type":"post","link":"https:\/\/www.europesays.com\/de\/479122\/","title":{"rendered":"Katholischen Grundschule in Kaarst: Verz\u00f6gerung beim Anbau"},"content":{"rendered":"<p class=\"small date article__date\">Ver\u00f6ffentlicht:\u00a0Dienstag, 07.10.2025 06:15<\/p>\n<p>Der Anbau f\u00fcr die Katholische Grundschule an der Alten Heerstra\u00dfe in Kaarst verz\u00f6gert sich. Nach Stadtangaben werden die Module daf\u00fcr erst Mitte November geliefert.<\/p>\n<p><img decoding=\"async\" alt=\"\" src=\"https:\/\/www.europesays.com\/de\/wp-content\/uploads\/2025\/10\/1759811950_753_bild-sym-schule-unterricht-schulklasse-grundschule.jpeg&#038;crop=0x265x7258x4536&#038;resize=1280x799&#038;dt=2023.jpeg\" data-size=\"1280x799\"\/>\u00a9 SYMBOLBILD |  contrastwerkstatt &#8211; stock.adobe.com<\/p>\n<p>Eigentlich sollte das schon Mitte Oktober in den Herbstferien passieren.\u00a0Insgesamt sollen fast 90 Module kommen. Das werde auch zu Verkehrsbehinderungen f\u00fchren, so die Stadt. Sie will die Anwohner aber rechtzeitig informieren. Der Neubau ist besonders f\u00fcr die Ganztagsbetreuung gedacht. Insgesamt vierzehn OGS-R\u00e4ume wird es dort geben, au\u00dferdem f\u00fcnf Klassenr\u00e4ume und eine Mensa, hei\u00dft es. Er soll bis n\u00e4chstes Jahr im Sommer fertig sein. F\u00fcr die Stadt ist der Anbau wichtig. Denn alle Kinder, die n\u00e4chstes Jahr in NRW in die Schule kommen, haben einen Rechtsanspruch auf einen Betreuungsplatz im Offenen Ganztag.\u00a0<\/p>\n","protected":false},"excerpt":{"rendered":"Ver\u00f6ffentlicht:\u00a0Dienstag, 07.10.2025 06:15 Der Anbau f\u00fcr die Katholische Grundschule an der Alten Heerstra\u00dfe in Kaarst verz\u00f6gert sich. Nach&hellip;\n","protected":false},"author":2,"featured_media":473450,"comment_status":"","ping_status":"","sticky":false,"template":"","format":"standard","meta":{"footnotes":""},"categories":[1849],"tags":[7162,3364,29,548,663,3934,30,13,4455,14,15,1209,12],"class_list":{"0":"post-479122","1":"post","2":"type-post","3":"status-publish","4":"format-standard","5":"has-post-thumbnail","7":"category-moenchengladbach","8":"tag-rhein-kreis-neuss","9":"tag-de","10":"tag-deutschland","11":"tag-eu","12":"tag-europa","13":"tag-europe","14":"tag-germany","15":"tag-headlines","16":"tag-moenchengladbach","17":"tag-nachrichten","18":"tag-news","19":"tag-nordrhein-westfalen","20":"tag-schlagzeilen"},"share_on_mastodon":{"url":"https:\/\/pubeurope.com\/@de\/115331043510515473","error":""},"_links":{"self":[{"href":"https:\/\/www.europesays.com\/de\/wp-json\/wp\/v2\/posts\/479122","targetHints":{"allow":["GET"]}}],"collection":[{"href":"https:\/\/www.europesays.com\/de\/wp-json\/wp\/v2\/posts"}],"about":[{"href":"https:\/\/www.europesays.com\/de\/wp-json\/wp\/v2\/types\/post"}],"author":[{"embeddable":true,"href":"https:\/\/www.europesays.com\/de\/wp-json\/wp\/v2\/users\/2"}],"replies":[{"embeddable":true,"href":"https:\/\/www.europesays.com\/de\/wp-json\/wp\/v2\/comments?post=479122"}],"version-history":[{"count":0,"href":"https:\/\/www.europesays.com\/de\/wp-json\/wp\/v2\/posts\/479122\/revisions"}],"wp:featuredmedia":[{"embeddable":true,"href":"https:\/\/www.europesays.com\/de\/wp-json\/wp\/v2\/media\/473450"}],"wp:attachment":[{"href":"https:\/\/www.europesays.com\/de\/wp-json\/wp\/v2\/media?parent=479122"}],"wp:term":[{"taxonomy":"category","embeddable":true,"href":"https:\/\/www.europesays.com\/de\/wp-json\/wp\/v2\/categories?post=479122"},{"taxonomy":"post_tag","embeddable":true,"href":"https:\/\/www.europesays.com\/de\/wp-json\/wp\/v2\/tags?post=479122"}],"curies":[{"name":"wp","href":"https:\/\/api.w.org\/{rel}","templated":true}]}}