{"id":479164,"date":"2025-10-07T05:03:11","date_gmt":"2025-10-07T05:03:11","guid":{"rendered":"https:\/\/www.europesays.com\/de\/479164\/"},"modified":"2025-10-07T05:03:11","modified_gmt":"2025-10-07T05:03:11","slug":"so-viele-rentner-bekommen-weniger-als-1300-euro-nach-45-beitragsjahren","status":"publish","type":"post","link":"https:\/\/www.europesays.com\/de\/479164\/","title":{"rendered":"So viele Rentner bekommen weniger als 1300 Euro nach 45 Beitragsjahren"},"content":{"rendered":"<p class=\"mb-6 text-xs md:text-m lg:text-l font-serif group-[.font-sans]:font-sans \">\n    Die Deutschen sorgen sich vor <a href=\"https:\/\/www.mainpost.de\/geld-leben\/rente\/rente-so-viele-menschen-sind-von-altersarmut-betroffen-21-6-25-103634982\" target=\"_blank\" class=\"underline \" rel=\"nofollow noopener\">Armut im Alter<\/a> und schwindendem Lebensstandard im Ruhestand. Und eine Antwort auf eine Anfrage der Linken im Bundestag scheint den Pessimisten recht zu geben: Mehr als jeder vierte Rentner in Deutschland kommt nach <a href=\"https:\/\/www.mainpost.de\/geld-leben\/rente\/rente-nach-45-beitragsjahren-tabelle-30-6-25-102582088\" target=\"_blank\" class=\"underline \" rel=\"nofollow noopener\">45 Beitragsjahren<\/a> auf eine <a href=\"https:\/\/www.mainpost.de\/geld-leben\/rente\/rente-in-deutschland-so-viel-geld-bekommen-rentner-wirklich-21-6-25-103112832\" target=\"_blank\" class=\"underline \" rel=\"nofollow noopener\">monatliche Rentenzahlung<\/a>, die unter <a href=\"https:\/\/www.mainpost.de\/geld-leben\/rente\/rente-1300-euro-rente-muss-ich-steuern-zahlen-21-6-25-102574080\" target=\"_blank\" class=\"underline \" rel=\"nofollow noopener\">1300 Euro<\/a> liegt \u2013 ein Umstand, den Linken-Politiker Dietmar Bartsch als \u201eArmutszeugnis\u201c bezeichnete.\n  <\/p>\n<p>            Rente in Deutschland: So viele Rentner bekommen weniger als 1300 Euro nach 45 Beitragsjahren <\/p>\n<p class=\"mb-6 text-xs md:text-m lg:text-l font-serif group-[.font-sans]:font-sans \">\n    Nach Angaben des Bundesarbeitsministeriums bekommen rund 1,39 Millionen Menschen in Deutschland mit mindestens 45 Beitragsjahren eine monatliche Rentenzahlung, die unter 1300 Euro liegt. Im Schnitt erhalten Rentnerinnen und Rentner mit 45 Versicherungsjahren gerade einmal 1668 Euro brutto monatlich.\n  <\/p>\n<p class=\"mb-6 text-xs md:text-m lg:text-l font-serif group-[.font-sans]:font-sans \">\n    Dabei klafft laut der Deutschen Presse-Agentur (dpa) eine erhebliche <a href=\"https:\/\/www.mainpost.de\/im-fokus\/rente\/rente-wie-viel-bekommen-frauen-im-vergleich-zu-maennern-30-4-24-art-11470192\" target=\"_blank\" class=\"underline \" rel=\"nofollow noopener\">L\u00fccke zwischen M\u00e4nnern und Frauen<\/a>: W\u00e4hrend M\u00e4nner im Durchschnitt auf 1778 Euro kommen, erhalten Frauen nur 1449 Euro.\n  <\/p>\n<p class=\"mb-6 text-xs md:text-m lg:text-l font-serif group-[.font-sans]:font-sans \">\n    Besonders brisant: In <a href=\"https:\/\/www.mainpost.de\/geld-leben\/rente\/renten-vergleich-gibt-es-einen-unterschied-zwischen-osten-und-westen-21-6-25-105984626\" target=\"_blank\" class=\"underline \" rel=\"nofollow noopener\">ostdeutschen Regionen wie Th\u00fcringen<\/a> liegt die durchschnittliche Rente nach 45 Beitragsjahren sogar bei lediglich 1491 Euro \u2013 bundesweit der niedrigste Wert. Spitzenreiter ist Hamburg mit durchschnittlich 1787 Euro. Dies geht aus der Anfrage der Linken hervor, welche die Partei auf ihrer <a href=\"https:\/\/www.dielinkebt.de\/themen\/nachrichten\/detail\/jeder-vierte-rentner-nach-45-jahren-arbeit-hat-weniger-als-1300-euro-rente\/\" rel=\"nofollow noopener\" target=\"_blank\" class=\"underline \">Website<\/a> ver\u00f6ffentlicht hat.\n  <\/p>\n<p class=\"mb-6 text-xs md:text-m lg:text-l font-serif group-[.font-sans]:font-sans \">\n    Der Fraktionschef der Linken, Dietmar Bartsch, nennt diese Zahlen ein \u201eArmutszeugnis f\u00fcr die Politik\u201c. Die dpa zitiert ihn wie folgt: \u201eWenn jeder vierte Rentner nach 45 Jahren Arbeit mit weniger als 1300 Euro Rente auskommen muss, ist das ein Armutszeugnis f\u00fcr die Politik, einer offensichtlich verkehrten Rentenpolitik.\u201c\n  <\/p>\n<p class=\"mb-6 text-xs md:text-m lg:text-l font-serif group-[.font-sans]:font-sans \">\n    Bartsch fordert eine Kehrtwende in der Rentenpolitik \u2013 nach dem Modell \u00d6sterreichs, wo alle Erwerbst\u00e4tigen in die Rentenkasse einzahlen, nicht nur abh\u00e4ngig Besch\u00e4ftigte. Die aktuelle <a href=\"https:\/\/www.mainpost.de\/geld-leben\/rente\/was-passiert-mit-meiner-rente-wenn-das-rentenniveau-sinkt-110406749\" target=\"_blank\" class=\"underline \" rel=\"nofollow noopener\">\u201eStabilisierung\u201c des Rentenniveaus auf 48 Prozent<\/a> sei in Wahrheit eine \u201eDrohung\u201c, dass sich nichts \u00e4ndern werde.\n  <\/p>\n<p>            Bundesregierung mahnt: Bei der Rente muss man genauer hinsehen<\/p>\n<p class=\"mb-6 text-xs md:text-m lg:text-l font-serif group-[.font-sans]:font-sans \">\n    Dabei ist der Begriff \u201e45 Beitragsjahre\u201c jedoch irref\u00fchrend: Auch Zeiten ohne Einzahlungen \u2013 etwa Erwerbslosigkeit, <a href=\"https:\/\/www.mainpost.de\/geld-leben\/rente\/rente-anrechnung-des-studiums-21-6-25-102574455\" target=\"_blank\" class=\"underline \" rel=\"nofollow noopener\">Studium<\/a> oder <a href=\"https:\/\/www.mainpost.de\/im-fokus\/rente\/rente-hoehere-rente-durch-teilzeitjob-rentner-verliert-vor-gericht-das-ist-der-grund-art-11497927\" target=\"_blank\" class=\"underline \" rel=\"nofollow noopener\">Teilzeitphasen<\/a> \u2013 werden hierbei eingerechnet. Das kann zu <a href=\"https:\/\/www.mainpost.de\/geld-leben\/rente\/rente-zu-wenig-rente-was-kann-ich-beantragen-21-6-25-102579625\" target=\"_blank\" class=\"underline \" rel=\"nofollow noopener\">niedrigen Renten<\/a> f\u00fchren, obwohl die Betroffenen offiziell auf eine lange Versicherungszeit kommen, erkl\u00e4rt das <a href=\"https:\/\/www.zdfheute.de\/politik\/deutschland\/rente-jeder-vierte-unter-1300-euro-100.html\" rel=\"nofollow noopener\" target=\"_blank\" class=\"underline \">ZDF<\/a> mit Bezug auf das Bundesarbeitsministerium.\n  <\/p>\n<p class=\"mb-6 text-xs md:text-m lg:text-l font-serif group-[.font-sans]:font-sans \">\n    Die Bundesregierung betont in ihrer Antwort auf die Anfrage der Linken, dass die reine H\u00f6he der gesetzlichen Rentenzahlung nicht zwangsl\u00e4ufig R\u00fcckschl\u00fcsse auf den Lebensstandard im Alter zulasse. Niedrige Renten k\u00f6nnten etwa durch zus\u00e4tzliche Eink\u00fcnfte aus Kapital, Vermietung oder durch das Einkommen des Partners abgefedert werden. Zudem gebe es weitere Sicherungssysteme, auf die Ruhest\u00e4ndler mit geringen Renten unter Umst\u00e4nden Anspruch h\u00e4tten.\n  <\/p>\n<p class=\"mb-6 text-xs md:text-m lg:text-l font-serif group-[.font-sans]:font-sans \">\n    W\u00f6rtlich hei\u00dft es: \u201eEine niedrige Rente aus der gesetzlichen Rentenversicherung sagt aber grunds\u00e4tzlich wenig \u00fcber den Lebensstandard im Alter aus, da weitere Eink\u00fcnfte und das Haushaltseinkommen insgesamt relevant sind.\u201c\n  <\/p>\n<p class=\"mb-6 text-xs md:text-m lg:text-l font-serif group-[.font-sans]:font-sans \">\n    Was die Rente angeht, blickt die deutsche Bev\u00f6lkerung allerdings schon l\u00e4nger pessimistisch in die Zukunft. Laut einer <a href=\"https:\/\/www.ipsos.com\/de-de\/bundesregierung-st%C3%A4rken-und-schw%C3%A4chen\" rel=\"nofollow noopener\" target=\"_blank\" class=\"underline \">aktuellen Ipsos-Umfrage<\/a> erwarten 40 Prozent der Deutschen eine Verschlechterung bei der Rentensicherheit unter der neuen Bundesregierung. Nur 20 Prozent glauben an Verbesserungen in den kommenden Jahren.\n  <\/p>\n<p class=\"mb-6 text-xs md:text-m lg:text-l font-serif group-[.font-sans]:font-sans \">\n    Eine YouGov-Umfrage im Mai 2025 ergab zudem, dass drei Viertel der Erwerbst\u00e4tigen in Deutschland derzeit nicht glauben, dass ihre Rente im Alter ausreichen wird, um abgesichert zu sein. Mehr als die H\u00e4lfte der Befragten war in der Umfrage bereit, als Reaktion auf diese Annahme <a href=\"https:\/\/www.mainpost.de\/geld-leben\/rente\/renten-angst-waechst-darum-wollen-viele-deutsche-laenger-schuften-1-7-25-110337329\" target=\"_blank\" class=\"underline \" rel=\"nofollow noopener\">\u00fcber das gesetzliche Rentenalter hinaus weiterzuarbeiten<\/a>, um ihren Lebensstandard abzusichern.\n  <\/p>\n<ul data-module-id=\"DragDropModule\" class=\"flex flex-wrap justify-start group-[.no-bookmarks]:hidden\">\n<li class=\"mb-3 mr-3\">\n    Ann-Katrin Hahner<\/p>\n<p>      Icon Haken im Kreis gesetzt<\/p>\n<p>      Icon Plus im Kreis<\/p>\n<\/li>\n<li class=\"mb-3 mr-3\">\n    Rente<\/p>\n<p>      Icon Haken im Kreis gesetzt<\/p>\n<p>      Icon Plus im Kreis<\/p>\n<\/li>\n<li class=\"mb-3 mr-3\">\n    Deutschland<\/p>\n<p>      Icon Haken im Kreis gesetzt<\/p>\n<p>      Icon Plus im Kreis<\/p>\n<\/li>\n<\/ul>\n","protected":false},"excerpt":{"rendered":"Die Deutschen sorgen sich vor Armut im Alter und schwindendem Lebensstandard im Ruhestand. Und eine Antwort auf eine&hellip;\n","protected":false},"author":2,"featured_media":479165,"comment_status":"","ping_status":"","sticky":false,"template":"","format":"standard","meta":{"footnotes":""},"categories":[2],"tags":[331,3924,332,3922,3364,29,30,13,14,3923,15,3921,12],"class_list":{"0":"post-479164","1":"post","2":"type-post","3":"status-publish","4":"format-standard","5":"has-post-thumbnail","7":"category-deutschland","8":"tag-aktuelle-nachrichten","9":"tag-aktuelle-nachrichten-aus-deutschland","10":"tag-aktuelle-news","11":"tag-aktuelle-news-aus-deutschland","12":"tag-de","13":"tag-deutschland","14":"tag-germany","15":"tag-headlines","16":"tag-nachrichten","17":"tag-nachrichten-aus-deutschland","18":"tag-news","19":"tag-news-aus-deutschland","20":"tag-schlagzeilen"},"share_on_mastodon":{"url":"https:\/\/pubeurope.com\/@de\/115331137765945070","error":""},"_links":{"self":[{"href":"https:\/\/www.europesays.com\/de\/wp-json\/wp\/v2\/posts\/479164","targetHints":{"allow":["GET"]}}],"collection":[{"href":"https:\/\/www.europesays.com\/de\/wp-json\/wp\/v2\/posts"}],"about":[{"href":"https:\/\/www.europesays.com\/de\/wp-json\/wp\/v2\/types\/post"}],"author":[{"embeddable":true,"href":"https:\/\/www.europesays.com\/de\/wp-json\/wp\/v2\/users\/2"}],"replies":[{"embeddable":true,"href":"https:\/\/www.europesays.com\/de\/wp-json\/wp\/v2\/comments?post=479164"}],"version-history":[{"count":0,"href":"https:\/\/www.europesays.com\/de\/wp-json\/wp\/v2\/posts\/479164\/revisions"}],"wp:featuredmedia":[{"embeddable":true,"href":"https:\/\/www.europesays.com\/de\/wp-json\/wp\/v2\/media\/479165"}],"wp:attachment":[{"href":"https:\/\/www.europesays.com\/de\/wp-json\/wp\/v2\/media?parent=479164"}],"wp:term":[{"taxonomy":"category","embeddable":true,"href":"https:\/\/www.europesays.com\/de\/wp-json\/wp\/v2\/categories?post=479164"},{"taxonomy":"post_tag","embeddable":true,"href":"https:\/\/www.europesays.com\/de\/wp-json\/wp\/v2\/tags?post=479164"}],"curies":[{"name":"wp","href":"https:\/\/api.w.org\/{rel}","templated":true}]}}