{"id":479421,"date":"2025-10-07T07:30:13","date_gmt":"2025-10-07T07:30:13","guid":{"rendered":"https:\/\/www.europesays.com\/de\/479421\/"},"modified":"2025-10-07T07:30:13","modified_gmt":"2025-10-07T07:30:13","slug":"sperrung-hinter-burgholz-und-kiesbergtunnel-aufgehoben","status":"publish","type":"post","link":"https:\/\/www.europesays.com\/de\/479421\/","title":{"rendered":"Sperrung hinter Burgholz- und Kiesbergtunnel aufgehoben"},"content":{"rendered":"<p class=\"small date article__date\">Ver\u00f6ffentlicht:\u00a0Dienstag, 07.10.2025 08:24<\/p>\n<p>Zwei Verkehrsunf\u00e4lle, die kurz hintereinander passiert sind, sorgen f\u00fcr lange Staus. Au\u00dferdem gibt es zwei Leichtverletzte. Es geht um die Verbindungsstrecke von Burgholz- und Kiesbergtunnel zum Sonnborner Kreuz. Der erste Unfall passierte heute (07.10.25) kurz nach 7:30 Uhr und der zweite eine Viertelstunde sp\u00e4ter. Die Autobahnpolizei hat die Verbindungsstrecke in die Richtung komplett gesperrt, so dass Burgholz- und Kiesbergtunnel komplett vollgelaufen sind. Kurz vor 8:30 Uhr sagte uns die Autobahnpolizei, dass sie die Sperrung wieder aufgehoben hat.<\/p>\n<p><img decoding=\"async\" alt=\"\" src=\"https:\/\/www.europesays.com\/de\/wp-content\/uploads\/2025\/10\/tunnel-burgholz-burgholztunnel.jpg&#038;crop=0x0x3023x1889&#038;resize=1280x799&#038;dt=202306060634270.jpeg\" data-size=\"1280x799\"\/><\/p>\n","protected":false},"excerpt":{"rendered":"Ver\u00f6ffentlicht:\u00a0Dienstag, 07.10.2025 08:24 Zwei Verkehrsunf\u00e4lle, die kurz hintereinander passiert sind, sorgen f\u00fcr lange Staus. Au\u00dferdem gibt es zwei&hellip;\n","protected":false},"author":2,"featured_media":479422,"comment_status":"","ping_status":"","sticky":false,"template":"","format":"standard","meta":{"footnotes":""},"categories":[1840],"tags":[3275,3364,29,30,1209,4418],"class_list":{"0":"post-479421","1":"post","2":"type-post","3":"status-publish","4":"format-standard","5":"has-post-thumbnail","7":"category-wuppertal","8":"tag-lokalnachrichten","9":"tag-de","10":"tag-deutschland","11":"tag-germany","12":"tag-nordrhein-westfalen","13":"tag-wuppertal"},"share_on_mastodon":{"url":"https:\/\/pubeurope.com\/@de\/115331716261095901","error":""},"_links":{"self":[{"href":"https:\/\/www.europesays.com\/de\/wp-json\/wp\/v2\/posts\/479421","targetHints":{"allow":["GET"]}}],"collection":[{"href":"https:\/\/www.europesays.com\/de\/wp-json\/wp\/v2\/posts"}],"about":[{"href":"https:\/\/www.europesays.com\/de\/wp-json\/wp\/v2\/types\/post"}],"author":[{"embeddable":true,"href":"https:\/\/www.europesays.com\/de\/wp-json\/wp\/v2\/users\/2"}],"replies":[{"embeddable":true,"href":"https:\/\/www.europesays.com\/de\/wp-json\/wp\/v2\/comments?post=479421"}],"version-history":[{"count":0,"href":"https:\/\/www.europesays.com\/de\/wp-json\/wp\/v2\/posts\/479421\/revisions"}],"wp:featuredmedia":[{"embeddable":true,"href":"https:\/\/www.europesays.com\/de\/wp-json\/wp\/v2\/media\/479422"}],"wp:attachment":[{"href":"https:\/\/www.europesays.com\/de\/wp-json\/wp\/v2\/media?parent=479421"}],"wp:term":[{"taxonomy":"category","embeddable":true,"href":"https:\/\/www.europesays.com\/de\/wp-json\/wp\/v2\/categories?post=479421"},{"taxonomy":"post_tag","embeddable":true,"href":"https:\/\/www.europesays.com\/de\/wp-json\/wp\/v2\/tags?post=479421"}],"curies":[{"name":"wp","href":"https:\/\/api.w.org\/{rel}","templated":true}]}}