{"id":479444,"date":"2025-10-07T07:43:10","date_gmt":"2025-10-07T07:43:10","guid":{"rendered":"https:\/\/www.europesays.com\/de\/479444\/"},"modified":"2025-10-07T07:43:10","modified_gmt":"2025-10-07T07:43:10","slug":"tv-auswanderer-thommy-schmelz-kaempft-sich-zurueck-ins-leben","status":"publish","type":"post","link":"https:\/\/www.europesays.com\/de\/479444\/","title":{"rendered":"TV-Auswanderer Thommy Schmelz k\u00e4mpft sich zur\u00fcck ins Leben"},"content":{"rendered":"<p class=\"fp-paragraph\"><strong>Palma. \u2013\u00a0<\/strong>Endlich wieder ein Lebenszeichen von Thommy Schmelz. Der beliebte TV-Auswanderer aus der VOX-Dokusoap &#8222;Goodbye Deutschland&#8220; hat sich nach Monaten des Bangens bei seinen Fans gemeldet.<\/p>\n<p class=\"fp-paragraph\">Noch im Sommer hatte der gelernte Koch mit einer <a href=\"https:\/\/www.mz.de\/kultur\/tv-und-streaming\/goodbye-deutschland-thommy-schmelz-krankenhaus-gesundheit-pilz-koma-4079462\" rel=\"nofollow noopener\" target=\"_blank\">schweren Lungenpilz-Erkrankung ums \u00dcberleben gek\u00e4mpft<\/a>, lag sogar im k\u00fcnstlichen Koma. Jetzt scheint es langsam bergauf zu gehen.<\/p>\n<p>Datenschutzhinweisen&#8220; data-consent-button=&#8220;Zustimmen und Inhalt laden&#8220; data-html=&#8220;<\/p>\n<blockquote class=\"&quot;instagram-media&quot;\" data-instgrm-captioned=\"\" data-instgrm-permalink=\"&quot;https:\/\/www.instagram.com\/reel\/DPazz4hDofB\/?utm_source=ig_embed&amp;utm_campaign=loading&quot;\" data-instgrm-version=\"&quot;14&quot;\" style=\"&quot;\" background:=\"\" border:0=\"\" border-radius:3px=\"\" box-shadow:0=\"\" rgba=\"\" margin:=\"\" max-width:540px=\"\" min-width:326px=\"\" padding:0=\"\" width:99.375=\"\" width:-webkit-calc=\"\" width:calc=\"\"\/><p>&#8222;&gt;<\/p>\n<p>&#8222;Goodbye Deutschland&#8220;: Thommy Schmelz nach schwerer Krankheit wieder auf den Beinen<\/p>\n<p class=\"fp-paragraph\">Gemeinsam mit seiner Ehefrau Kathrin Mermi-Schmelz meldete sich der 54-J\u00e4hrige am Wochenende auf Instagram. Das Paar war in Palma de Mallorca unterwegs, wo Thommy sich einer neuen medizinischen Untersuchung unterzog.<\/p>\n<p class=\"fp-paragraph\"><strong>Lesen Sie auch: <a href=\"https:\/\/www.mz.de\/kultur\/tv-und-streaming\/mallorca-goodbye-deutschland-thommy-schmelz-koma-krankenhaus-pilz-zuhause-gesundheit-update-4104334\" rel=\"nofollow noopener\" target=\"_blank\">Nach Koma auf Mallorca: &#8222;Goodbye Deutschland&#8220;-Star zur\u00fcck zu Hause<\/a><\/strong><\/p>\n<p class=\"fp-paragraph\">&#8222;Wir sind in Palma und waren schon beim MRT&#8220;, berichtete er. Laut Kathrin musste Thommy an der Wirbels\u00e4ule untersucht werden, um seine Genesung zu \u00fcberwachen.<\/p>\n<p>&#8222;Thommy hat sein Lachen zur\u00fcck&#8220;: Fans der TV-Auswanderer gl\u00fccklich \u00fcber Genesung<\/p>\n<p class=\"fp-paragraph\">Nach Monaten voller Sorge steht jetzt der n\u00e4chste Schritt bevor: eine einj\u00e4hrige Pilzbehandlung, mit der der Auswanderer den hartn\u00e4ckigen Erreger endg\u00fcltig loswerden will. Die Stimme klingt zwar noch etwas br\u00fcchig, doch die Lebensfreude ist zur\u00fcck.<\/p>\n<p class=\"fp-paragraph\"><strong>Auch interessant: <a href=\"https:\/\/www.mz.de\/kultur\/tv-und-streaming\/goodbye-deutschland-vox-kritik-patrick-naumann-empoerung-sterben-tuberkulose-4083030\" rel=\"nofollow noopener\" target=\"_blank\">&#8222;Goodbye Deutschland&#8220;-Star l\u00e4sst Kamerateam von Vox ans Sterbebett seiner Frau \u2013 Das ist der Grund<\/a><\/strong><\/p>\n<p class=\"fp-paragraph\">Auch die Fans der &#8222;Goodbye Deutschland&#8220;-Auswanderer sind froh, dass es Thommy Schmelz wieder gut geht. Unter den Instagram-Beitr\u00e4gen sammeln sich Kommentare wie: &#8222;Das ist toll, dass er so Fortschritte macht, w\u00fcnsche weiterhin gute Genesung&#8220;, &#8222;Tommy hat sein Lachen wieder zur\u00fcck&#8220; oder &#8222;Es ist sch\u00f6n, dich wieder so zu sehen. Mach bitte weiter so.&#8220;<\/p>\n<p><script async src=\"\/\/www.instagram.com\/embed.js\"><\/script><\/p>\n","protected":false},"excerpt":{"rendered":"Palma. \u2013\u00a0Endlich wieder ein Lebenszeichen von Thommy Schmelz. Der beliebte TV-Auswanderer aus der VOX-Dokusoap &#8222;Goodbye Deutschland&#8220; hat sich&hellip;\n","protected":false},"author":2,"featured_media":479445,"comment_status":"","ping_status":"","sticky":false,"template":"","format":"standard","meta":{"footnotes":""},"categories":[2],"tags":[331,3924,332,3922,3364,29,30,13,14,3923,15,3921,12],"class_list":{"0":"post-479444","1":"post","2":"type-post","3":"status-publish","4":"format-standard","5":"has-post-thumbnail","7":"category-deutschland","8":"tag-aktuelle-nachrichten","9":"tag-aktuelle-nachrichten-aus-deutschland","10":"tag-aktuelle-news","11":"tag-aktuelle-news-aus-deutschland","12":"tag-de","13":"tag-deutschland","14":"tag-germany","15":"tag-headlines","16":"tag-nachrichten","17":"tag-nachrichten-aus-deutschland","18":"tag-news","19":"tag-news-aus-deutschland","20":"tag-schlagzeilen"},"share_on_mastodon":{"url":"https:\/\/pubeurope.com\/@de\/115331766985314208","error":""},"_links":{"self":[{"href":"https:\/\/www.europesays.com\/de\/wp-json\/wp\/v2\/posts\/479444","targetHints":{"allow":["GET"]}}],"collection":[{"href":"https:\/\/www.europesays.com\/de\/wp-json\/wp\/v2\/posts"}],"about":[{"href":"https:\/\/www.europesays.com\/de\/wp-json\/wp\/v2\/types\/post"}],"author":[{"embeddable":true,"href":"https:\/\/www.europesays.com\/de\/wp-json\/wp\/v2\/users\/2"}],"replies":[{"embeddable":true,"href":"https:\/\/www.europesays.com\/de\/wp-json\/wp\/v2\/comments?post=479444"}],"version-history":[{"count":0,"href":"https:\/\/www.europesays.com\/de\/wp-json\/wp\/v2\/posts\/479444\/revisions"}],"wp:featuredmedia":[{"embeddable":true,"href":"https:\/\/www.europesays.com\/de\/wp-json\/wp\/v2\/media\/479445"}],"wp:attachment":[{"href":"https:\/\/www.europesays.com\/de\/wp-json\/wp\/v2\/media?parent=479444"}],"wp:term":[{"taxonomy":"category","embeddable":true,"href":"https:\/\/www.europesays.com\/de\/wp-json\/wp\/v2\/categories?post=479444"},{"taxonomy":"post_tag","embeddable":true,"href":"https:\/\/www.europesays.com\/de\/wp-json\/wp\/v2\/tags?post=479444"}],"curies":[{"name":"wp","href":"https:\/\/api.w.org\/{rel}","templated":true}]}}