{"id":479479,"date":"2025-10-07T08:02:11","date_gmt":"2025-10-07T08:02:11","guid":{"rendered":"https:\/\/www.europesays.com\/de\/479479\/"},"modified":"2025-10-07T08:02:11","modified_gmt":"2025-10-07T08:02:11","slug":"eroeffnung-der-mobilitaetsstation-am-s-bahnhof-wehrhahn","status":"publish","type":"post","link":"https:\/\/www.europesays.com\/de\/479479\/","title":{"rendered":"Er\u00f6ffnung der Mobilit\u00e4tsstation am S-Bahnhof Wehrhahn"},"content":{"rendered":"<p>An der Birkenstra\u00dfe unmittelbar am S-Bahnhof Wehrhahn hat die Stadttochter Connected Mobility D\u00fcsseldorf GmbH (CMD) im Auftrag der Landeshauptstadt D\u00fcsseldorf eine neue Mobilit\u00e4tsstation errichtet. Sie wird mit einer Infoveranstaltung am Freitag, 10. Oktober 2025, 15 bis 17 Uhr, offiziell er\u00f6ffnet.<\/p>\n<p>Im Umfeld der S-Bahnhofstation Wehrhahn tut sich aktuell einiges: Die Deutsche Bahn erneuert das Bahnhofsgeb\u00e4ude und mit der Radleitroute 2 entsteht eine neue Verbindung f\u00fcr den Radverkehr. An dieser wichtigen Verkehrsachse geht nun auch die neue Mobilit\u00e4tsstation Wehrhahn S in Betrieb. Die Station ist bereits die dritte Mobilit\u00e4tsstation im Stadtbezirk 2 (D\u00fcsseltal, Flingern). Durch ihre direkte Lage am S-Bahnhof werden die Mobilit\u00e4tsangebote besser miteinander verkn\u00fcpft und der Umstieg erleichtert.<\/p>\n<p>Beim Infotag am Freitag, 10. Oktober, k\u00f6nnen sich Anwohnende ab 15 Uhr \u00fcber das neue Mobilit\u00e4tsangebot an der Birkenstra\u00dfe informieren. Die CMD steht mit einem Infostand vor Ort bereit, um offene Fragen zu beantworten und Hinweise entgegenzunehmen. Am Coffee-Bike werden allen Besuchern und Besucherinnen zudem kostenlos Kaffee, Getr\u00e4nke und Snacks angeboten.<\/p>\n<p>&#8222;Mit der neuen Mobilit\u00e4tsstation setzen wir den Ausbau im Stadtbezirk 2 konsequent fort. Die strategische Lage am S-Bahnhof sowie entlang der geplanten Radleitroute haben neben dem Bedarf f\u00fcr diesen Standort gesprochen&#8220;, erkl\u00e4rt Jochen Kral, Mobilit\u00e4ts- und Umweltdezernent der Landeshauptstadt D\u00fcsseldorf. Zuvor \u2013 im Fr\u00fchjahr 2024 &#8211; hatten sich Anwohnerschaft und Interessierte bei einer interaktiven Bedarfsabfrage f\u00fcr den Standort ausgesprochen.<\/p>\n<p>Rolf Neumann, kaufm\u00e4nnischer Gesch\u00e4ftsf\u00fchrer der Connected Mobility D\u00fcsseldorf GmbH erg\u00e4nzt: &#8222;Das Besondere an dieser Station ist ihre direkte Anbindung an den \u00d6PNV. Damit werden verschiedene Mobilit\u00e4tsangebote optimal verkn\u00fcpft und den Menschen der Umstieg auf andere Verkehrsmittel erleichtert.&#8220;<\/p>\n<p>Das Angebot der neuen Mobilit\u00e4tsstation umfasst eine Fahrradstation mit 16 Stellpl\u00e4tzen, eine Reparaturstation, zwei Carsharing-Parkpl\u00e4tze, neue Sitzgelegenheiten und eine Sharingstation. Mit der Sharingstation &#8222;Wehrhahn S&#8220; wird das Sharingstationsnetzwerk im Stadtbezirk 2 weiter erg\u00e4nzt. Im Vorfeld, am 11. August, waren bereits acht Sharingstationen an folgenden Standorten in Betrieb gegangen:<\/p>\n<ol>\n<li>Rethelstra\u00dfe \u2013 Herderstra\u00dfe<\/li>\n<li>Schillerstra\u00dfe<\/li>\n<li>Humboldstra\u00dfe<\/li>\n<li>Schuhmannstra\u00dfe<\/li>\n<li>Grafenberger Allee \u2013 Mendelssohnstra\u00dfe<\/li>\n<li>Birkenstra\u00dfe I<\/li>\n<li>Birkenstra\u00dfe II<\/li>\n<li>Ackerstra\u00dfe<\/li>\n<\/ol>\n<p>&#8222;Durch die Sharingstationen im Umfeld entsteht ein Mobilit\u00e4tsnetzwerk, das den Menschen vor Ort in unmittelbarer N\u00e4he jeweils passende Mobilit\u00e4tsoptionen bereitstellt&#8220;, betont Dr. David R\u00fcdiger, technischer Gesch\u00e4ftsf\u00fchrer der Connected Mobility D\u00fcsseldorf GmbH.<\/p>\n<p>Rund um die Mobilit\u00e4tsstation gestaltet das K\u00fcnstlerkollektiv &#8222;betont.es&#8220; ausgew\u00e4hlte Wandfl\u00e4chen mit modernen, grafischen Mustern. Die farbigen Akzente schaffen ein spannungsvolles Zusammenspiel von Architektur und Umgebung und verleihen dem \u00f6ffentlichen Raum rund um die Station zus\u00e4tzliche Lebendigkeit.<\/p>\n<p><strong>Kosten<\/strong><br \/>Die geplanten beim F\u00f6rdergeber beantragten Gesamtkosten f\u00fcr die neue Mobilit\u00e4tsstation Wehrhahn S belaufen sich auf 327.437 Euro netto, kofinanziert mit Mitteln der europ\u00e4ischen Union und des Ministeriums f\u00fcr Umwelt, Naturschutz und Verkehr des Landes Nordrhein-Westfalen (F\u00f6rderrichtlinie Nachhaltige St\u00e4dtische Mobilit\u00e4t). Die F\u00f6rderquote liegt bei 80 Prozent. Die verbleibenden Ausgaben werden aus Eigenmitteln der Landeshauptstadt D\u00fcsseldorf finanziert.<\/p>\n<p>Ein Symbolfoto zur Bebilderung findet sich unter dem folgenden Link <a href=\"https:\/\/duesseldorf.canto.de\/b\/H02J7\" target=\"_blank\" rel=\"noreferrer nofollow noopener\">https:\/\/duesseldorf.canto.de\/b\/H02J7<\/a>.<\/p>\n<p>\u00a0<\/p>\n","protected":false},"excerpt":{"rendered":"An der Birkenstra\u00dfe unmittelbar am S-Bahnhof Wehrhahn hat die Stadttochter Connected Mobility D\u00fcsseldorf GmbH (CMD) im Auftrag der&hellip;\n","protected":false},"author":2,"featured_media":3624,"comment_status":"","ping_status":"","sticky":false,"template":"","format":"standard","meta":{"footnotes":""},"categories":[1831],"tags":[3364,29,3405,30,1209],"class_list":{"0":"post-479479","1":"post","2":"type-post","3":"status-publish","4":"format-standard","5":"has-post-thumbnail","7":"category-duesseldorf","8":"tag-de","9":"tag-deutschland","10":"tag-duesseldorf","11":"tag-germany","12":"tag-nordrhein-westfalen"},"share_on_mastodon":{"url":"https:\/\/pubeurope.com\/@de\/115331841752399606","error":""},"_links":{"self":[{"href":"https:\/\/www.europesays.com\/de\/wp-json\/wp\/v2\/posts\/479479","targetHints":{"allow":["GET"]}}],"collection":[{"href":"https:\/\/www.europesays.com\/de\/wp-json\/wp\/v2\/posts"}],"about":[{"href":"https:\/\/www.europesays.com\/de\/wp-json\/wp\/v2\/types\/post"}],"author":[{"embeddable":true,"href":"https:\/\/www.europesays.com\/de\/wp-json\/wp\/v2\/users\/2"}],"replies":[{"embeddable":true,"href":"https:\/\/www.europesays.com\/de\/wp-json\/wp\/v2\/comments?post=479479"}],"version-history":[{"count":0,"href":"https:\/\/www.europesays.com\/de\/wp-json\/wp\/v2\/posts\/479479\/revisions"}],"wp:featuredmedia":[{"embeddable":true,"href":"https:\/\/www.europesays.com\/de\/wp-json\/wp\/v2\/media\/3624"}],"wp:attachment":[{"href":"https:\/\/www.europesays.com\/de\/wp-json\/wp\/v2\/media?parent=479479"}],"wp:term":[{"taxonomy":"category","embeddable":true,"href":"https:\/\/www.europesays.com\/de\/wp-json\/wp\/v2\/categories?post=479479"},{"taxonomy":"post_tag","embeddable":true,"href":"https:\/\/www.europesays.com\/de\/wp-json\/wp\/v2\/tags?post=479479"}],"curies":[{"name":"wp","href":"https:\/\/api.w.org\/{rel}","templated":true}]}}