{"id":479486,"date":"2025-10-07T08:07:14","date_gmt":"2025-10-07T08:07:14","guid":{"rendered":"https:\/\/www.europesays.com\/de\/479486\/"},"modified":"2025-10-07T08:07:14","modified_gmt":"2025-10-07T08:07:14","slug":"presse-einladung-avani-hotel-frankfurt-slow-living-vip-talk-liebe-inspiration-mit","status":"publish","type":"post","link":"https:\/\/www.europesays.com\/de\/479486\/","title":{"rendered":"Presse-Einladung Avani Hotel Frankfurt: Slow Living VIP-Talk &#8211; Liebe, Inspiration mit &#8230;"},"content":{"rendered":"<p class=\"date\">07.10.2025 \u2013 09:58<\/p>\n<p class=\"customer\">\n                        <a class=\"story-customer\" title=\"weiter zum newsroom von JANE UHLIG PR Kommunikation &amp; Publikationswesen\" href=\"https:\/\/www.presseportal.de\/nr\/111029\" rel=\"nofollow noopener\" target=\"_blank\">JANE UHLIG PR Kommunikation &amp; Publikationswesen<\/a>\n                    <\/p>\n<p><a class=\"glightbox-pseudo event-trigger\" href=\"https:\/\/cache.pressmailing.net\/thumbnail\/story_hires\/d9db9955-4ebc-456d-a510-9f2ab77913c4\/MAdeleine%20Annika.jpg.jpg\" data-description=\"Als Highlight der Frankfurter Buchmesse l\u00e4dt das Avani Hotel am 15. Oktober 2025 um 18:30 Uhr zu einem besonderen Premieren-Abend ein. Im exklusiven Gespr\u00e4ch spricht TV-Star und Unternehmerin Meike Buschening-Kaffenberger \u00fcber ihr neuestes Buch, das schon jetzt gro\u00dfes Bestseller-Potenzial zeigt. Mit dabei Influencer Star Madeleine Blooming Curves. Moderiert von Jane Uhlig, Yogalehrerin und Gastgeberin der Frankfurter Autorengespr\u00e4che, erwartet die G\u00e4ste zudem ein einzigartiges After Moon Yoga Special im Abend-Outfit, kleine Zumba-Einlagen mit DJ sowie gesunde After Moon Cocktails.\" data-category=\"medialightbox\" data-action=\"click\" data-label=\"single\" data-value=\"68e4c828270000fd2ca4c049\" rel=\"nofollow noopener\" target=\"_blank\"><img decoding=\"async\" height=\"540\" with=\"720\" src=\"https:\/\/www.europesays.com\/de\/wp-content\/uploads\/2025\/10\/presse-einladung-avani-hotel-frankfurt-slow-living-vip-talk-liebe-inspiration-mit-tv-star-meike-busc.jpeg\"   alt=\"Presse-Einladung Avani Hotel Frankfurt: Slow Living VIP-Talk - Liebe, Inspiration mit TV-Star Meike Buschening Kaffenberger I Premieren-Highlight der Frankfurter Buchmesse:\" class=\"single\"\/><\/a><\/p>\n<p>Als Highlight der Frankfurter Buchmesse l\u00e4dt das Avani Hotel am 15. Oktober 2025 um 18:30 Uhr zu einem besonderen Premieren-Abend ein. Im exklusiven Gespr\u00e4ch spricht TV-Star und Unternehmerin <b>Meike Buschening-Kaffenberger<\/b> \u00fcber ihr neuestes Buch, das schon jetzt gro\u00dfes Bestseller-Potenzial zeigt. Mit dabei Influencer Star Madeleine Blooming Curves. Moderiert von <b>Jane Uhlig<\/b>, Yogalehrerin und Gastgeberin der Frankfurter Autorengespr\u00e4che, erwartet die G\u00e4ste zudem ein einzigartiges <b>After Moon Yoga Special im Abend-Outfit<\/b>, kleine Zumba-Einlagen mit DJ sowie gesunde After Moon Cocktails. Ein Abend voller Inspiration, Erholung und Begegnung \u2013 mitten im Herzen der Buchmesse.<\/p>\n<p><b>Slow Living VIP-Talk &#8211; Liebe, Inspiration &amp; After Moon Yoga &amp; DJ<\/b><\/p>\n<p><b>\u201eWas wirklich wichtig ist im Leben\u201c \u2013 VIP-Talk, Fashion Show, Dance &amp; After Moon Yoga im AVANI Hotel Frankfurt<\/b><\/p>\n<p>Avani Hotel als entspannte B\u00fchne der Buchmesse: Exklusives Gespr\u00e4ch mit Meike Buschening-Kaffenberger \u00fcber ihr neuestes Buch mit Bestseller-Potenzial<\/p>\n<p>Frankfurt am Main, 7.Oktober 2025 \u2013 Am <b>15. Oktober 2025 um 18:30 Uhr<\/b> l\u00e4dt das <b>Avani Hotel Frankfurt City<\/b> im Rahmen der Frankfurter Buchmesse zu einem besonderen Abend voller Inspiration, Achtsamkeit und Begegnung ein. Das <b>Premieren-Gespr\u00e4ch mit Meike Buschening-Kaffenberger<\/b>, moderiert von <b>Jane Uhlig<\/b>, verbindet Literatur, Fashion, Lebenskunst, Yoga, Tanz und gesunden Genuss zu einem unvergesslichen Erlebnis. <b>Mit dabei Influencer Star Madeleine Blooming Curves.<\/b><\/p>\n<p><b>Meike Buschening-Kaffenberger<\/b>, Unternehmerin, Medienpers\u00f6nlichkeit und Autorin ihres neuesten Buches \u201eDie Hochzeits-Mafia\u201c, z\u00e4hlt zu den bekanntesten Brautmoden-Expertinnen Deutschlands. Seit \u00fcber 20 Jahren f\u00fchrt sie das erfolgreiche Gesch\u00e4ft \u201eDer Brautladen\u201c. Einem breiten Publikum ist sie durch das TV-Format \u201eZwischen T\u00fcll &amp; Tr\u00e4nen\u201c bekannt. Zudem ist sie Podcasterin und Moderatorin der w\u00f6chentlichen Talkshow \u201eMensch, Meike!\u201c. Im VIP-Talk spricht sie \u00fcber Liebe, Partnerschaft, Stressabbau und die Kunst, im hektischen Alltag bewusster zu leben.<\/p>\n<p><b>Jane Uhlig<\/b>, Yogalehrerin, Journalistin und Moderatorin der <b>Frankfurter Autorengespr\u00e4che<\/b>, begeistert auf Instagram mehr als 45.000 Follower mit Impulsen f\u00fcr Achtsamkeit, Gesundheit und Leichtigkeit im Leben. Sie wird Meike Buschening-Kaffenberger im Premieren-Gespr\u00e4ch auch zu ihrem neuen Buch befragen und f\u00fchrt gleichzeitig mit Empathie und Charme durch den Abend.<\/p>\n<p>\u201eIch freue mich sehr, mit Meike Buschening-Kaffenberger \u00fcber ihr neues Buch zu sprechen, das Bestseller-Potenzial hat,\u201c so Jane Uhlig.<\/p>\n<p>Dar\u00fcber hinaus schenkt sie den G\u00e4sten eine exklusive <b>After Moon Yoga Session<\/b>.<\/p>\n<p><b>After Moon Yoga Special im Abend-Outfit<\/b><\/p>\n<p>Ein besonderes Highlight ist das <b>After Moon Yoga Special<\/b>: Statt klassischer Yogakleidung erleben die G\u00e4ste sanfte \u00dcbungen, Atemtechniken und Elemente der Hypnose in einem stilvollen <b>Abend-Outfit<\/b>. Jane Uhlig zeigt, wie Yoga auch in eleganter Garderobe Leichtigkeit schenken, Stress abbauen und die innere Frequenz erh\u00f6hen kann. Dieses au\u00dfergew\u00f6hnliche Konzept verbindet Achtsamkeit mit Eleganz und macht das After Moon Yoga zu einem unvergesslichen Erlebnis \u2013 edel, inspirierend und voller Strahlkraft.<\/p>\n<p><b>Zumba Dance Einlagen mit DJ<\/b><\/p>\n<p>F\u00fcr noch mehr Energie sorgen zwischendurch <b>kleine Zumba Dance Einlagen<\/b>, begleitet von einem Live-DJ. Sie bringen Bewegung, Rhythmus und Lebensfreude in den Abend und schaffen einen schwungvollen Kontrast zur entspannten Yoga-Atmosph\u00e4re.<\/p>\n<p>Abgerundet wird der Abend durch kreative, alkoholfreie <b>After Moon Cocktails<\/b> \u2013 fein abgestimmt mit Kr\u00e4utern, Superfoods und nat\u00fcrlichen Zutaten. In der entspannten Atmosph\u00e4re des Avani Hotel entsteht Raum f\u00fcr Austausch, Begegnung und Inspiration.<\/p>\n<p><b>Premieren-Gespr\u00e4ch, Slow Living VIP-Talk, After Moon Yoga und Zumba Special im Avani Hotel<\/b> am <b>15. Oktober 2025 um 18:30 Uhr<\/b> ist ein Event f\u00fcr alle, die sich nach Entschleunigung, Inspiration, Bewegung und innerer Ruhe sehnen \u2013 und ein besonderes Highlight im Rahmen der Frankfurter Buchmesse.<\/p>\n<p>Akkreditierung f\u00fcr Journalisten oder Presse-Anfragen an: Jane Uhlig, Fon 0151-11623025 oder <a href=\"https:\/\/www.presseportal.de\/pm\/111029\/mailto: jane.uhlig@janeuhlig.de\" class=\"uri-mailto\" rel=\"nofollow noopener\" target=\"_blank\"> jane.uhlig@janeuhlig.de<\/a>.<\/p>\n<p>Tickets f\u00fcr G\u00e4ste k\u00f6nnen bereits reserviert werden:  <a target=\"_blank\" class=\"uri-ext outbound\" rel=\"noopener nofollow\" href=\"https:\/\/www.eventbrite.de\/e\/slow-living-vip-talk-liebe-inspiration-after-moon-yoga-dj-tickets-1635553898739?aff=oddtdtcreator\">Slow Livinf VIP Talk mit Meike Buschening Kaffenberger und Jane Uhlig.<\/a><\/p>\n<p>JANE UHLIG PR | Agentur f\u00fcr Content Kommunikation &amp; Publikationswesen<br \/>\nHeinrich-Sorg-Stra\u00dfe 6 | D-63477 Maintal Bischofsheim | Germany | <a href=\"https:\/\/www.presseportal.de\/pm\/111029\/mailto: jane.uhlig@janeuhlig.de\" class=\"uri-mailto\" rel=\"nofollow noopener\" target=\"_blank\"> jane.uhlig@janeuhlig.de<\/a><br \/>\nfon: +49(0)6109.5031-60 | fax: +49(0)6109.5031-61 | mobile: +49(0)151.1162 3025 | <a target=\"_blank\" class=\"uri-ext outbound\" rel=\"noopener nofollow\" href=\"http:\/\/www.janeuhlig.de\/\">www.janeuhlig.de<\/a>   <a target=\"_blank\" class=\"uri-ext outbound\" rel=\"noopener nofollow\" href=\"http:\/\/www.janes-magazin.de\/\">www.janes-magazin.de<\/a>   <a target=\"_blank\" class=\"uri-ext outbound\" rel=\"noopener nofollow\" href=\"https:\/\/www.youtube.com\/channel\/UCuoZ90LmxlP2znpG8ixf2pg\">Youtube Jane Uhlig<\/a>  <\/p>\n","protected":false},"excerpt":{"rendered":"07.10.2025 \u2013 09:58 JANE UHLIG PR Kommunikation &amp; Publikationswesen Als Highlight der Frankfurter Buchmesse l\u00e4dt das Avani Hotel&hellip;\n","protected":false},"author":2,"featured_media":479487,"comment_status":"","ping_status":"","sticky":false,"template":"","format":"standard","meta":{"footnotes":""},"categories":[1829],"tags":[3477,29,2050,2051,30,2052,178,180,179,181],"class_list":{"0":"post-479486","1":"post","2":"type-post","3":"status-publish","4":"format-standard","5":"has-post-thumbnail","7":"category-frankfurt-am-main","8":"tag-bild","9":"tag-deutschland","10":"tag-frankfurt","11":"tag-frankfurt-am-main","12":"tag-germany","13":"tag-hessen","14":"tag-presse","15":"tag-pressemeldung","16":"tag-pressemitteilung","17":"tag-pressemitteilungen"},"share_on_mastodon":{"url":"https:\/\/pubeurope.com\/@de\/115331861934108038","error":""},"_links":{"self":[{"href":"https:\/\/www.europesays.com\/de\/wp-json\/wp\/v2\/posts\/479486","targetHints":{"allow":["GET"]}}],"collection":[{"href":"https:\/\/www.europesays.com\/de\/wp-json\/wp\/v2\/posts"}],"about":[{"href":"https:\/\/www.europesays.com\/de\/wp-json\/wp\/v2\/types\/post"}],"author":[{"embeddable":true,"href":"https:\/\/www.europesays.com\/de\/wp-json\/wp\/v2\/users\/2"}],"replies":[{"embeddable":true,"href":"https:\/\/www.europesays.com\/de\/wp-json\/wp\/v2\/comments?post=479486"}],"version-history":[{"count":0,"href":"https:\/\/www.europesays.com\/de\/wp-json\/wp\/v2\/posts\/479486\/revisions"}],"wp:featuredmedia":[{"embeddable":true,"href":"https:\/\/www.europesays.com\/de\/wp-json\/wp\/v2\/media\/479487"}],"wp:attachment":[{"href":"https:\/\/www.europesays.com\/de\/wp-json\/wp\/v2\/media?parent=479486"}],"wp:term":[{"taxonomy":"category","embeddable":true,"href":"https:\/\/www.europesays.com\/de\/wp-json\/wp\/v2\/categories?post=479486"},{"taxonomy":"post_tag","embeddable":true,"href":"https:\/\/www.europesays.com\/de\/wp-json\/wp\/v2\/tags?post=479486"}],"curies":[{"name":"wp","href":"https:\/\/api.w.org\/{rel}","templated":true}]}}