{"id":479521,"date":"2025-10-07T08:27:23","date_gmt":"2025-10-07T08:27:23","guid":{"rendered":"https:\/\/www.europesays.com\/de\/479521\/"},"modified":"2025-10-07T08:27:23","modified_gmt":"2025-10-07T08:27:23","slug":"dramatische-pleite-fuer-chiefs-quarterback-lawrence-rennt-panisch-zum-sieg-touchdown","status":"publish","type":"post","link":"https:\/\/www.europesays.com\/de\/479521\/","title":{"rendered":"Dramatische Pleite f\u00fcr Chiefs: Quarterback Lawrence rennt panisch zum Sieg-Touchdown"},"content":{"rendered":"<p>                    Dramatische Pleite f\u00fcr Chiefs<br \/>\n                Quarterback Lawrence rennt panisch zum Sieg-Touchdown<\/p>\n<p>\t\t\t\t              07.10.2025, 06:07 Uhr<\/p>\n<p><strong>In der vergangenen Saison verlieren die Kansas City Chiefs nur drei Spiele &#8211; darunter auch den Super Bowl. Nun stehen sie wieder bei drei Niederlagen. Die Pleite gegen die Jacksonville Jaguars schmerzt besonders wegen einer wilden Szene kurz vor Schluss.<\/strong><\/p>\n<p>Die Jacksonville Jaguars haben einen 14-Punkte-R\u00fcckstand gegen die Kansas City Chiefs gedreht und ihren vierten Saisonsieg eingefahren. Beim 31:28 gegen das Team um Patrick Mahomes und Travis Kelce besorgte Jaguars-Quarterback Trevor Lawrence den entscheidenden Touchdown 23 Sekunden vor Ende der Partie &#8211; und das an seinem 26. Geburtstag. Die Jaguars z\u00e4hlen nun mit vier Siegen aus f\u00fcnf Spielen zur Spitzengruppe der NFL, keine Mannschaft hat eine bessere Bilanz.<\/p>\n<p>Lawrence verlor in der entscheidenden Szene zuerst das Gleichgewicht und fiel zu Boden, weil ihm ein Mitspieler auf den Fu\u00df getreten war. Der Quarterback rappelte sich jedoch auf und schaffte es dann \u00fcberraschend bis in die Endzone. &#8222;Panik, nur Panik&#8220;, beschrieb Lawrence seine Gedanken, als er auf dem Feld lag. &#8222;Wir hatten keine Timeouts mehr, ich wollte den Ball erst ins Aus werfen, um die Uhr anzuhalten. Aber dann war keiner um mich herum.&#8220;<\/p>\n<p>Die Chiefs hatten nach dem erneuten R\u00fcckstand zwar noch Zeit, um in Reichweite eines Field Goals zu kommen, verpatzten aber alle Spielz\u00fcge und kassierten im f\u00fcnften Spiel der Saison bereits die dritte Niederlage. In der vergangenen Saison hatte die dritte Pleite deutlich l\u00e4nger auf sich warten lassen &#8211; bis zum Super Bowl gegen die Philadelphia Eagles. Lawrence lobte die Entwicklung der Jaguars: &#8222;Unser Prozess funktioniert, wir m\u00fcssen einfach weitermachen und besser werden. Wir finden Wege, um zu gewinnen, und das gegen ein richtig gutes Football-Team heute Abend.&#8220;<\/p>\n<p>Die Chiefs hingegen stehen vor dem Duell mit den starken Detroit Lions um Amon-Ra St. Brown am kommenden Sonntag (Ortszeit) unter ungewohntem Druck. In der AFC West d\u00fcmpelt die Mannschaft hinter den Los Angeles Chargers und den Denver Broncos nur auf Rang drei und w\u00e4re derzeit nicht f\u00fcr die Playoffs qualifiziert &#8211; auch nicht \u00fcber die Gesamttabelle der AFC.<\/p>\n","protected":false},"excerpt":{"rendered":"Dramatische Pleite f\u00fcr Chiefs Quarterback Lawrence rennt panisch zum Sieg-Touchdown 07.10.2025, 06:07 Uhr In der vergangenen Saison verlieren&hellip;\n","protected":false},"author":2,"featured_media":479522,"comment_status":"","ping_status":"","sticky":false,"template":"","format":"standard","meta":{"footnotes":""},"categories":[136],"tags":[4545,29,30,4549,4550,121254,265],"class_list":{"0":"post-479521","1":"post","2":"type-post","3":"status-publish","4":"format-standard","5":"has-post-thumbnail","7":"category-sport","8":"tag-american-football","9":"tag-deutschland","10":"tag-germany","11":"tag-kansas-city-chiefs","12":"tag-nfl","13":"tag-patrick-mahomes","14":"tag-sport"},"share_on_mastodon":{"url":"https:\/\/pubeurope.com\/@de\/115331939939713634","error":""},"_links":{"self":[{"href":"https:\/\/www.europesays.com\/de\/wp-json\/wp\/v2\/posts\/479521","targetHints":{"allow":["GET"]}}],"collection":[{"href":"https:\/\/www.europesays.com\/de\/wp-json\/wp\/v2\/posts"}],"about":[{"href":"https:\/\/www.europesays.com\/de\/wp-json\/wp\/v2\/types\/post"}],"author":[{"embeddable":true,"href":"https:\/\/www.europesays.com\/de\/wp-json\/wp\/v2\/users\/2"}],"replies":[{"embeddable":true,"href":"https:\/\/www.europesays.com\/de\/wp-json\/wp\/v2\/comments?post=479521"}],"version-history":[{"count":0,"href":"https:\/\/www.europesays.com\/de\/wp-json\/wp\/v2\/posts\/479521\/revisions"}],"wp:featuredmedia":[{"embeddable":true,"href":"https:\/\/www.europesays.com\/de\/wp-json\/wp\/v2\/media\/479522"}],"wp:attachment":[{"href":"https:\/\/www.europesays.com\/de\/wp-json\/wp\/v2\/media?parent=479521"}],"wp:term":[{"taxonomy":"category","embeddable":true,"href":"https:\/\/www.europesays.com\/de\/wp-json\/wp\/v2\/categories?post=479521"},{"taxonomy":"post_tag","embeddable":true,"href":"https:\/\/www.europesays.com\/de\/wp-json\/wp\/v2\/tags?post=479521"}],"curies":[{"name":"wp","href":"https:\/\/api.w.org\/{rel}","templated":true}]}}