{"id":479572,"date":"2025-10-07T08:54:10","date_gmt":"2025-10-07T08:54:10","guid":{"rendered":"https:\/\/www.europesays.com\/de\/479572\/"},"modified":"2025-10-07T08:54:10","modified_gmt":"2025-10-07T08:54:10","slug":"wegen-aufenthalt-in-russland-oesterreich-prueft-entzug-der-staatsbuergerschaft-von-ex-wirecard-manager-marsalek","status":"publish","type":"post","link":"https:\/\/www.europesays.com\/de\/479572\/","title":{"rendered":"Wegen Aufenthalt in Russland: \u00d6sterreich pr\u00fcft Entzug der Staatsb\u00fcrgerschaft von Ex-Wirecard-Manager Marsalek"},"content":{"rendered":"<p>                    Wegen Aufenthalt in Russland<br \/>\n                \u00d6sterreich pr\u00fcft Entzug der Staatsb\u00fcrgerschaft von Ex-Wirecard-Manager Marsalek<\/p>\n<p>\t\t\t\t              07.10.2025, 10:40 Uhr<\/p>\n<p><b>Dem fl\u00fcchtigen Ex-Wirecard-Manager Jan Marsalek droht der Verlust seiner \u00f6sterreichischen Staatsb\u00fcrgerschaft. Das Innenministerium in Wien pr\u00fcft einen entsprechenden Antrag zur Entziehung, wie es mitteilte. Grund daf\u00fcr seien Medienberichte der vergangenen Wochen \u00fcber Marsaleks Aufenthalt und Aktivit\u00e4ten in Russland. Diese h\u00e4tten eine umfassende Pr\u00fcfung in enger Kooperation mit der Direktion f\u00fcr Staatsschutz und Nachrichtendienst (DSN) erforderlich gemacht.<\/b><\/p>\n<p>Marsalek war bis zur Insolvenz im Sommer 2020 Vorstand des deutschen Zahlungsabwicklers Wirecard. Der damalige Dax-Konzern war nach der Aufdeckung eines milliardenschweren Bilanzbetrugs zusammengebrochen. Marsalek tauchte daraufhin unter und wird seitdem von der deutschen Justiz mit internationalem Haftbefehl gesucht. Er wird in Russland vermutet, wo er Medienberichten zufolge f\u00fcr russische Geheimdienste t\u00e4tig sein soll.<\/p>\n<p>Ein Entzug der Staatsb\u00fcrgerschaft ist in \u00d6sterreich unter anderem m\u00f6glich, wenn eine Person im Dienst eines fremden Staates den Interessen oder dem Ansehen \u00d6sterreichs schadet, etwa durch Spionage. Weitere Gr\u00fcnde sind der Eintritt in den Milit\u00e4rdienst eines anderen Staates, der freiwillige Kampf f\u00fcr organisierte bewaffnete Gruppen im Ausland oder eine rechtskr\u00e4ftige Verurteilung wegen bestimmter Terrorismusdelikte. <\/p>\n","protected":false},"excerpt":{"rendered":"Wegen Aufenthalt in Russland \u00d6sterreich pr\u00fcft Entzug der Staatsb\u00fcrgerschaft von Ex-Wirecard-Manager Marsalek 07.10.2025, 10:40 Uhr Dem fl\u00fcchtigen Ex-Wirecard-Manager&hellip;\n","protected":false},"author":2,"featured_media":479573,"comment_status":"","ping_status":"","sticky":false,"template":"","format":"standard","meta":{"footnotes":""},"categories":[4013],"tags":[331,332,101393,11087,121279,13,41749,14,15,1433,4043,4044,850,307,12,6972,24947],"class_list":{"0":"post-479572","1":"post","2":"type-post","3":"status-publish","4":"format-standard","5":"has-post-thumbnail","7":"category-russland","8":"tag-aktuelle-nachrichten","9":"tag-aktuelle-news","10":"tag-aufenthalt","11":"tag-entzug","12":"tag-ex-wirecard-manager","13":"tag-headlines","14":"tag-marsalek","15":"tag-nachrichten","16":"tag-news","17":"tag-oesterreich","18":"tag-russia","19":"tag-russian-federation","20":"tag-russische-foederation","21":"tag-russland","22":"tag-schlagzeilen","23":"tag-staatsbuergerschaft","24":"tag-wegen"},"share_on_mastodon":{"url":"https:\/\/pubeurope.com\/@de\/115332046143802543","error":""},"_links":{"self":[{"href":"https:\/\/www.europesays.com\/de\/wp-json\/wp\/v2\/posts\/479572","targetHints":{"allow":["GET"]}}],"collection":[{"href":"https:\/\/www.europesays.com\/de\/wp-json\/wp\/v2\/posts"}],"about":[{"href":"https:\/\/www.europesays.com\/de\/wp-json\/wp\/v2\/types\/post"}],"author":[{"embeddable":true,"href":"https:\/\/www.europesays.com\/de\/wp-json\/wp\/v2\/users\/2"}],"replies":[{"embeddable":true,"href":"https:\/\/www.europesays.com\/de\/wp-json\/wp\/v2\/comments?post=479572"}],"version-history":[{"count":0,"href":"https:\/\/www.europesays.com\/de\/wp-json\/wp\/v2\/posts\/479572\/revisions"}],"wp:featuredmedia":[{"embeddable":true,"href":"https:\/\/www.europesays.com\/de\/wp-json\/wp\/v2\/media\/479573"}],"wp:attachment":[{"href":"https:\/\/www.europesays.com\/de\/wp-json\/wp\/v2\/media?parent=479572"}],"wp:term":[{"taxonomy":"category","embeddable":true,"href":"https:\/\/www.europesays.com\/de\/wp-json\/wp\/v2\/categories?post=479572"},{"taxonomy":"post_tag","embeddable":true,"href":"https:\/\/www.europesays.com\/de\/wp-json\/wp\/v2\/tags?post=479572"}],"curies":[{"name":"wp","href":"https:\/\/api.w.org\/{rel}","templated":true}]}}