{"id":479687,"date":"2025-10-07T09:57:11","date_gmt":"2025-10-07T09:57:11","guid":{"rendered":"https:\/\/www.europesays.com\/de\/479687\/"},"modified":"2025-10-07T09:57:11","modified_gmt":"2025-10-07T09:57:11","slug":"wie-frauen-in-chemnitz-sich-wieder-hinters-steuer-trauen-sollen","status":"publish","type":"post","link":"https:\/\/www.europesays.com\/de\/479687\/","title":{"rendered":"Wie Frauen in Chemnitz sich wieder hinters Steuer trauen sollen"},"content":{"rendered":"<p class=\"bold\">\n\t\t\t\t\t\t\t\t\t\tDie Fahrauffrischungskurse f\u00fcr Frauen in der Lila Villa haben Tradition. Bald startet wieder einer.\t\t\t\t<\/p>\n<p>\t\t\t\t Wer immer auf Bus und Bahn angewiesen ist, wei\u00df, wie dieser Umstand das Leben hin und wieder verkomplizieren kann. Um Frauen, die zwar mal einen F\u00fchrerschein gemacht haben, aber seit Jahren oder Jahrzehnten nicht mehr hinter dem Steuer sa\u00dfen, zu unterst\u00fctzen, bietet das Frauenzentrum Lila Villa wieder einen Fahrauffrischungskurs an&#8230;.<\/p>\n<p>\t\t<img decoding=\"async\" class=\"fp-plus-logo\" src=\"https:\/\/www.freiepresse.de\/img\/fpplus.svg\" alt=\"Freie Presse plus Logo\"\/><\/p>\n<p>Registrieren und testen.<\/p>\n<p>Jetzt mit Ihrer Registrierung 1 Monat gratis testen und alle Beitr\u00e4ge lesen.<\/p>\n<p>Schon Abonnent? Melden Sie sich mit ihren Zugangsdaten an.<\/p>\n","protected":false},"excerpt":{"rendered":"Die Fahrauffrischungskurse f\u00fcr Frauen in der Lila Villa haben Tradition. Bald startet wieder einer. Wer immer auf Bus&hellip;\n","protected":false},"author":2,"featured_media":479688,"comment_status":"","ping_status":"","sticky":false,"template":"","format":"standard","meta":{"footnotes":""},"categories":[1851],"tags":[2770,3364,29,548,663,3934,30,13,5331,14,15,859,12],"class_list":{"0":"post-479687","1":"post","2":"type-post","3":"status-publish","4":"format-standard","5":"has-post-thumbnail","7":"category-chemnitz","8":"tag-chemnitz","9":"tag-de","10":"tag-deutschland","11":"tag-eu","12":"tag-europa","13":"tag-europe","14":"tag-germany","15":"tag-headlines","16":"tag-immobilien","17":"tag-nachrichten","18":"tag-news","19":"tag-sachsen","20":"tag-schlagzeilen"},"share_on_mastodon":{"url":"https:\/\/pubeurope.com\/@de\/115332294040395194","error":""},"_links":{"self":[{"href":"https:\/\/www.europesays.com\/de\/wp-json\/wp\/v2\/posts\/479687","targetHints":{"allow":["GET"]}}],"collection":[{"href":"https:\/\/www.europesays.com\/de\/wp-json\/wp\/v2\/posts"}],"about":[{"href":"https:\/\/www.europesays.com\/de\/wp-json\/wp\/v2\/types\/post"}],"author":[{"embeddable":true,"href":"https:\/\/www.europesays.com\/de\/wp-json\/wp\/v2\/users\/2"}],"replies":[{"embeddable":true,"href":"https:\/\/www.europesays.com\/de\/wp-json\/wp\/v2\/comments?post=479687"}],"version-history":[{"count":0,"href":"https:\/\/www.europesays.com\/de\/wp-json\/wp\/v2\/posts\/479687\/revisions"}],"wp:featuredmedia":[{"embeddable":true,"href":"https:\/\/www.europesays.com\/de\/wp-json\/wp\/v2\/media\/479688"}],"wp:attachment":[{"href":"https:\/\/www.europesays.com\/de\/wp-json\/wp\/v2\/media?parent=479687"}],"wp:term":[{"taxonomy":"category","embeddable":true,"href":"https:\/\/www.europesays.com\/de\/wp-json\/wp\/v2\/categories?post=479687"},{"taxonomy":"post_tag","embeddable":true,"href":"https:\/\/www.europesays.com\/de\/wp-json\/wp\/v2\/tags?post=479687"}],"curies":[{"name":"wp","href":"https:\/\/api.w.org\/{rel}","templated":true}]}}