{"id":479777,"date":"2025-10-07T10:48:12","date_gmt":"2025-10-07T10:48:12","guid":{"rendered":"https:\/\/www.europesays.com\/de\/479777\/"},"modified":"2025-10-07T10:48:12","modified_gmt":"2025-10-07T10:48:12","slug":"frankfurter-flughafen-landet-in-den-top-5-der-globalen-megahubs","status":"publish","type":"post","link":"https:\/\/www.europesays.com\/de\/479777\/","title":{"rendered":"Frankfurter Flughafen landet in den Top 5 der globalen Megahubs"},"content":{"rendered":"<p>Internationaler Vergleich <\/p>\n<p>Flughafen Frankfurt schafft Sprung in die Megahub-Top-5<\/p>\n<p>07.10.2025 &#8211; 12:45 UhrLesedauer: 2 Min.<\/p>\n<p><a href=\"#focus-0\" class=\"transition-colors duration-200 block text-current relative\" data-sctrack=\"FocusGalleryImage.Reference\"><img fetchpriority=\"high\" data-testid=\"Opener.Image\" style=\"--lqipURL:url('https:\/\/images.t-online.de\/2025\/06\/5VgYhip-e4cs\/192x659:3134x1763\/fit-in\/150x0\/filters:blur(25)\/eine-lufthansa-maschine-am-frankfurter-flughafen-archivbild-wegen-einer-bombendrohung-mussten-hunderte-passagiere-die-nacht-am-flughafen-verbringen.jpg')\"   loading=\"eager\" src=\"https:\/\/www.europesays.com\/de\/wp-content\/uploads\/2025\/10\/eine-lufthansa-maschine-am-frankfurter-flughafen-archivbild-wegen-einer-bombendrohung-mussten-hunder.jpeg\" alt=\"Eine Lufthansa-Maschine am Frankfurter-Flughafen (Archivbild): Wegen einer Bombendrohung mussten hunderte Passagiere die Nacht am Flughafen verbringen.\" title=\"Eine Lufthansa-Maschine am Frankfurter-Flughafen (Archivbild): Wegen einer Bombendrohung mussten hunderte Passagiere die Nacht am Flughafen verbringen.\" width=\"3134\" height=\"1763\" class=\"bg-[url:var(--lqipURL)] bg-cover bg-center flex h-full w-full max-w-full\" decoding=\"async\"\/><img style=\"--width:32;--height:32\" loading=\"lazy\" src=\"https:\/\/frankfurt.t-online.de\/s\/paper\/_next\/static\/media\/zoom-in.f7dae02f.svg\" alt=\"Vergr\u00f6\u00dfern des Bildes\" title=\"Vergr\u00f6\u00dfern des Bildes\" class=\"block h-[calc(var(--height)_\/_16_*_1rem)] w-[calc(var(--width)_\/_16_*_1rem)] max-w-none absolute bottom-8 right-8 rounded-4 bg-snow p-8\" decoding=\"async\"\/><\/a><\/p>\n<p>Ein Lufthansa-Jumbojet am Frankfurter-Flughafen (Archivbild): In einem internationalen Vergleich schneidet der Airport als wichtiges Drehkreuz gut ab. (Quelle: IMAGO\/Daniel Kubirski\/imago-images-bilder)<\/p>\n<p class=\"font-bold text-18 leading-17\">Der Frankfurter Flughafen r\u00fcckt im weltweiten Vergleich auf. Eine Auswertung zeigt, wie stark sich die Zahl der m\u00f6glichen Verbindungen ver\u00e4ndert hat.<\/p>\n<p class=\"text-18 leading-17\">Der Frankfurter Flughafen hat im internationalen Vergleich deutlich zugelegt: Laut einem Flughafen-Ranking des britischen Datenanbieters OAG klettert er vom 10. auf den 4. Platz unter den sogenannten Megahubs weltweit.<\/p>\n<p class=\"text-18 leading-17\">Grund f\u00fcr den Aufstieg ist ein Plus von 21 Prozent bei m\u00f6glichen Flugverbindungen innerhalb eines Tages. Damit geh\u00f6rt Frankfurt wieder zu den wichtigsten Knotenpunkten im globalen Flugverkehr \u2013 hinter London Heathrow, Istanbul und Amsterdam Schiphol. OAG f\u00fchrt den Sprung auf ein deutlich erweitertes Angebot an Anschlussfl\u00fcgen zur\u00fcck. Auch innerhalb Europas bleibt Frankfurt einer der zentralen Umsteigepunkte f\u00fcr internationale Flugg\u00e4ste.<\/p>\n<p class=\"text-18 leading-17\">Das OAG-Megahubs-Ranking misst die Konnektivit\u00e4t gro\u00dfer Flugh\u00e4fen anhand der Anzahl m\u00f6glicher Umsteigeverbindungen zu internationalen Zielen sowie der Vielfalt der bedienten Destinationen. Gez\u00e4hlt werden alle realistischen Kombinationen von ankommenden und abfliegenden Fl\u00fcgen innerhalb eines Zeitfensters von sechs Stunden. Je mehr solcher Anschl\u00fcsse ein Flughafen erm\u00f6glicht, desto besser gilt er als vernetzt.<\/p>\n<p class=\"text-18 leading-17\">Bereits 2015 hatte Frankfurt im OAG-Ranking auf Rang 3 gelegen. Seither haben laut OAG vor allem ein R\u00fcckgang innerdeutscher Verbindungen und die st\u00e4rkere Nutzung anderer Verkehrsmittel die Position etwas abgeschw\u00e4cht.<\/p>\n<p class=\"text-18 leading-17\">Insgesamt werden ab Frankfurt derzeit rund 300 Ziele in fast 100 L\u00e4ndern angeflogen \u2013 von knapp 100 Airlines. Die Lufthansa dominiert als gr\u00f6\u00dfte Anbieterin mehr als die H\u00e4lfte des Flugangebots. 2024 nutzten rund 61 Millionen Passagiere den Flughafen. Trotz der Erholung nach der Pandemie liegt die Zahl der Passagiere noch immer 12,7 Prozent unter dem Niveau von 2019.<\/p>\n<p class=\"text-18 leading-17\">Rund 80.000 Menschen arbeiten direkt am Standort, Zehntausende weitere in Zulieferbetrieben. Der Betreiber Fraport investiert derzeit in effizientere Abl\u00e4ufe, Elektromobilit\u00e4t am Boden und <a class=\"transition-colors duration-200 cursor-pointer text-inherit no-underline text-salemsfur md:hover:text-magenta md:hover:border-magenta md:focus:text-magenta border-current border-b border-solid break-words\" href=\"https:\/\/frankfurt.t-online.de\/region\/frankfurt-am-main\/id_100936826\/frankfurt-flughafen-terminal-3-eroeffnung-rueckt-naeher.html\" data-sctrack=\"BodyAnchor\" target=\"_blank\" rel=\"noopener\">das neue Terminal 3,<\/a> das 2026 vollst\u00e4ndig in Betrieb gehen soll.<\/p>\n","protected":false},"excerpt":{"rendered":"Internationaler Vergleich Flughafen Frankfurt schafft Sprung in die Megahub-Top-5 07.10.2025 &#8211; 12:45 UhrLesedauer: 2 Min. Ein Lufthansa-Jumbojet am&hellip;\n","protected":false},"author":2,"featured_media":479778,"comment_status":"","ping_status":"","sticky":false,"template":"","format":"standard","meta":{"footnotes":""},"categories":[1829],"tags":[522,3092,29,663,2109,3089,2050,2051,30,2052,2108,121355,6781],"class_list":{"0":"post-479777","1":"post","2":"type-post","3":"status-publish","4":"format-standard","5":"has-post-thumbnail","7":"category-frankfurt-am-main","8":"tag-522","9":"tag-3092","10":"tag-deutschland","11":"tag-europa","12":"tag-flughafen","13":"tag-flughafen-frankfurt","14":"tag-frankfurt","15":"tag-frankfurt-am-main","16":"tag-germany","17":"tag-hessen","18":"tag-lufthansa","19":"tag-oag","20":"tag-vergleich"},"share_on_mastodon":{"url":"https:\/\/pubeurope.com\/@de\/115332495188898912","error":""},"_links":{"self":[{"href":"https:\/\/www.europesays.com\/de\/wp-json\/wp\/v2\/posts\/479777","targetHints":{"allow":["GET"]}}],"collection":[{"href":"https:\/\/www.europesays.com\/de\/wp-json\/wp\/v2\/posts"}],"about":[{"href":"https:\/\/www.europesays.com\/de\/wp-json\/wp\/v2\/types\/post"}],"author":[{"embeddable":true,"href":"https:\/\/www.europesays.com\/de\/wp-json\/wp\/v2\/users\/2"}],"replies":[{"embeddable":true,"href":"https:\/\/www.europesays.com\/de\/wp-json\/wp\/v2\/comments?post=479777"}],"version-history":[{"count":0,"href":"https:\/\/www.europesays.com\/de\/wp-json\/wp\/v2\/posts\/479777\/revisions"}],"wp:featuredmedia":[{"embeddable":true,"href":"https:\/\/www.europesays.com\/de\/wp-json\/wp\/v2\/media\/479778"}],"wp:attachment":[{"href":"https:\/\/www.europesays.com\/de\/wp-json\/wp\/v2\/media?parent=479777"}],"wp:term":[{"taxonomy":"category","embeddable":true,"href":"https:\/\/www.europesays.com\/de\/wp-json\/wp\/v2\/categories?post=479777"},{"taxonomy":"post_tag","embeddable":true,"href":"https:\/\/www.europesays.com\/de\/wp-json\/wp\/v2\/tags?post=479777"}],"curies":[{"name":"wp","href":"https:\/\/api.w.org\/{rel}","templated":true}]}}