{"id":479821,"date":"2025-10-07T11:14:18","date_gmt":"2025-10-07T11:14:18","guid":{"rendered":"https:\/\/www.europesays.com\/de\/479821\/"},"modified":"2025-10-07T11:14:18","modified_gmt":"2025-10-07T11:14:18","slug":"christian-lindner-arbeitet-kuenftig-fuer-ein-jobportal","status":"publish","type":"post","link":"https:\/\/www.europesays.com\/de\/479821\/","title":{"rendered":"Christian Lindner arbeitet k\u00fcnftig f\u00fcr ein Jobportal"},"content":{"rendered":"<p class=\"tspBPlp tspBPlq\">Der fr\u00fchere FDP-Chef Christian Lindner steht vor einem Wechsel in die Wirtschaft. Dem Bundeskabinett liegen dazu am Mittwoch Genehmigungen zur Entscheidung vor, die mit Blick auf die Karenzzeit n\u00f6tig sind, wie die Deutsche Presse-Agentur in Berlin erfahren hat. <\/p>\n<p class=\"tspBPlp\">Ab November, wenn Lindner ein Jahr <a href=\"https:\/\/www.tagesspiegel.de\/politik\/bundesprasident-steinmeier-zum-ampel-aus-das-ende-einer-koalition-ist-nicht-das-ende-der-welt-12664337.html?icid=in-text-link_14490401\" class=\"link link--internal\" data-gtm-class=\"article-text-link\" data-gtm-val=\"internal\" target=\"_blank\" rel=\"noopener\">als Bundesminister der Finanzen ausgeschieden<\/a> sein wird, w\u00e4ren ihm dann neue T\u00e4tigkeiten gestattet.\u00a0<\/p>\n<p>Der Morgenlage Newsletter<\/p>\n<p><img decoding=\"async\" src=\"https:\/\/www.europesays.com\/de\/wp-content\/uploads\/2025\/04\/1745846948_156_morgenlage-abendlage-icon-klein.png\" alt=\"\" class=\"tspCOg1\"\/><\/p>\n<p class=\"tspCOon\"> Die wichtigsten Nachrichten des Tages \u2014 morgens direkt in Ihr E-Mail-Postfach. <\/p>\n<p class=\"tspBPlp\">Konkret zieht der 46-J\u00e4hrige unter anderem als unabh\u00e4ngiges Mitglied in das Shareholder-Board des digitalen Personaldienstleisters Stepstone Group ein, einer gemeinsamen Beteiligung des Private-Equity-Fonds KKR und der Axel Springer SE. <\/p>\n<p class=\"tspBPlp\">Aus Lindners Umfeld wurde best\u00e4tigt, dass er Genehmigungen f\u00fcr dieses und weitere Mandate beantragt hat.<\/p>\n<p class=\"tspBPlp\">Stepstone betreibt international zahlreiche Jobportale und bietet L\u00f6sungen f\u00fcr Online-Recruting an. Zuletzt erwirtschaftete das Unternehmen gut eine Milliarde Euro Umsatz. <\/p>\n<p class=\"tspBPlp\">Seit April hatte <a href=\"https:\/\/www.tagesspiegel.de\/politik\/neue-berufung-fur-scheidenden-fdp-chef-christian-linder-wird-jetzt-redner-und-autor-13693579.html?icid=in-text-link_14490401\" class=\"link link--internal\" data-gtm-class=\"article-text-link\" data-gtm-val=\"internal\" target=\"_blank\" rel=\"noopener\">Lindner <\/a>bereits als Referent zu Geopolitik und Weltwirtschaft an Konferenzen im In- und Ausland teilgenommen.\u00a0<\/p>\n<p> Lesen Sie au\u00dferdem:  <a href=\"https:\/\/www.tagesspiegel.de\/politik\/die-fdp--kommt-da-noch-was-wenn-sie-doch-nur-liberal-ware-14330072.html?icid=topic-list_14490401___\" data-gtm-class=\"article-mzt-link\" class=\"tspB1mf\" target=\"_blank\" rel=\"noopener\">Die FDP \u2013 kommt da noch was? Wenn sie doch nur liberal w\u00e4re <\/a><a href=\"https:\/\/www.tagesspiegel.de\/politik\/thuringens-kurzzeitiger-ministerprasident-kemmerich-begrundet-parteiaustritt-mit-hasenfussen-in-der-fdp-14330219.html?icid=topic-list_14490401___\" data-gtm-class=\"article-mzt-link\" class=\"tspB1mf\" target=\"_blank\" rel=\"noopener\">Th\u00fcringens kurzzeitiger Ministerpr\u00e4sident Kemmerich begr\u00fcndet Parteiaustritt mit \u201eHasenf\u00fc\u00dfen\u201c in der FDP <\/a><a href=\"https:\/\/www.tagesspiegel.de\/politik\/von-der-politik-in-die-wirtschaft-ex-verkehrsminister-wissing-hat-offenbar-einen-neuen-job-14238659.html?icid=topic-list_14490401___\" data-gtm-class=\"article-mzt-link\" class=\"tspB1mf\" target=\"_blank\" rel=\"noopener\">Kaum raus aus dem Amt, schon drin im Gesch\u00e4ft Ex-Verkehrsminister Wissing hat einen neuen Job in Berlin <\/a><\/p>\n<p class=\"tspBPlp\">Er war mit dem Ende der Ampel-Koalition aus der Bundesregierung ausgeschieden. Nachdem die FDP in der folgenden Bundestagswahl am Wiedereinzug ins Parlament gescheitert war, hatte Lindner seinen R\u00fcckzug aus der Politik erkl\u00e4rt. (dpa)<\/p>\n","protected":false},"excerpt":{"rendered":"Der fr\u00fchere FDP-Chef Christian Lindner steht vor einem Wechsel in die Wirtschaft. Dem Bundeskabinett liegen dazu am Mittwoch&hellip;\n","protected":false},"author":2,"featured_media":479822,"comment_status":"","ping_status":"","sticky":false,"template":"","format":"standard","meta":{"footnotes":""},"categories":[5],"tags":[1173,833,187,13,776,14,15,12,10,8,9,11],"class_list":{"0":"post-479821","1":"post","2":"type-post","3":"status-publish","4":"format-standard","5":"has-post-thumbnail","7":"category-nachrichten","8":"tag-bundesregierung","9":"tag-christian-lindner","10":"tag-fdp","11":"tag-headlines","12":"tag-lars-klingbeil","13":"tag-nachrichten","14":"tag-news","15":"tag-schlagzeilen","16":"tag-top-news","17":"tag-top-meldungen","18":"tag-topmeldungen","19":"tag-topnews"},"share_on_mastodon":{"url":"https:\/\/pubeurope.com\/@de\/115332597008230859","error":""},"_links":{"self":[{"href":"https:\/\/www.europesays.com\/de\/wp-json\/wp\/v2\/posts\/479821","targetHints":{"allow":["GET"]}}],"collection":[{"href":"https:\/\/www.europesays.com\/de\/wp-json\/wp\/v2\/posts"}],"about":[{"href":"https:\/\/www.europesays.com\/de\/wp-json\/wp\/v2\/types\/post"}],"author":[{"embeddable":true,"href":"https:\/\/www.europesays.com\/de\/wp-json\/wp\/v2\/users\/2"}],"replies":[{"embeddable":true,"href":"https:\/\/www.europesays.com\/de\/wp-json\/wp\/v2\/comments?post=479821"}],"version-history":[{"count":0,"href":"https:\/\/www.europesays.com\/de\/wp-json\/wp\/v2\/posts\/479821\/revisions"}],"wp:featuredmedia":[{"embeddable":true,"href":"https:\/\/www.europesays.com\/de\/wp-json\/wp\/v2\/media\/479822"}],"wp:attachment":[{"href":"https:\/\/www.europesays.com\/de\/wp-json\/wp\/v2\/media?parent=479821"}],"wp:term":[{"taxonomy":"category","embeddable":true,"href":"https:\/\/www.europesays.com\/de\/wp-json\/wp\/v2\/categories?post=479821"},{"taxonomy":"post_tag","embeddable":true,"href":"https:\/\/www.europesays.com\/de\/wp-json\/wp\/v2\/tags?post=479821"}],"curies":[{"name":"wp","href":"https:\/\/api.w.org\/{rel}","templated":true}]}}