{"id":479860,"date":"2025-10-07T11:34:13","date_gmt":"2025-10-07T11:34:13","guid":{"rendered":"https:\/\/www.europesays.com\/de\/479860\/"},"modified":"2025-10-07T11:34:13","modified_gmt":"2025-10-07T11:34:13","slug":"das-macht-uwe-roesler-zum-hoffnungstraeger","status":"publish","type":"post","link":"https:\/\/www.europesays.com\/de\/479860\/","title":{"rendered":"Das macht Uwe R\u00f6sler zum Hoffnungstr\u00e4ger"},"content":{"rendered":"<p class=\"expressive-copy-lg-body\"><strong>Uwe R\u00f6sler<\/strong> hat am Montag seine Arbeit aufgenommen <a href=\"https:\/\/www.waz.de\/sport\/vfl-bochum\/article410166838\/mit-viererkette-so-will-uwe-roesler-den-vfl-bochum-retten.html\" data-category-full-path=\"https:\/\/www.waz.de\/sport\/vfl-bochum\/\" data-paid-status=\"premium\" data-article-publish-date=\"1759769043\" rel=\"nofollow noopener\" target=\"_blank\">beim VfL Bochum, <\/a>bei einer Pressekonferenz kam er als Typ gut r\u00fcber &#8211; aber <a href=\"https:\/\/www.waz.de\/sport\/vfl-bochum\/article410164948\/roesler-beim-vfl-bochum-nachvollziehbare-wahl-aber-zweifel-bleiben.html\" data-category-full-path=\"https:\/\/www.waz.de\/sport\/vfl-bochum\/\" data-paid-status=\"premium\" data-article-publish-date=\"1759813200\" rel=\"nofollow noopener\" target=\"_blank\">kann er auch die Wende schaffen<\/a>? Dar\u00fcber diskutieren wir in einer neuen Folge von \u201eInside VfL \u2013 der Stadtwerke-Bochum-Talk von WAZ und Radio Bochum\u201c.<\/p>\n<p class=\"expressive-copy-lg-body\">Moderatorin <strong>Annalena Fedtke<\/strong> analysiert mit Funke-Sport-Chef <strong>Sebastian We\u00dfling <\/strong>und VfL-Reporter <strong>Ralf Ritter<\/strong> von der WAZ die Baustellen des VfL und wie R\u00f6sler das Team, die Fans, den Klub aufrichten will. Taugt der 56-J\u00e4hrige, der zudem Alessandro Riedle als neuen Co-Trainer mitgebracht hat, als Hoffnungstr\u00e4ger?<\/p>\n<p>VfL Bochum: Die Bilanz der Arbeit von David Siebers<\/p>\n<p class=\"expressive-copy-lg-body\">Oder h\u00e4tte David Siebers weitermachen sollen? Wir bilanzieren die Arbeit des Interimstrainers, der nun wieder zur U19 zur\u00fcckkehrt. Die Experten sind sich sicher: Er wird seinen Weg gehen.<\/p>\n<p>\u201eExistenz gef\u00e4hrdet\u201c: Passende Wortwahl der Klub-Bosse? <\/p>\n<p>    <img decoding=\"async\" src=\"https:\/\/www.europesays.com\/de\/wp-content\/uploads\/2025\/10\/410171538_1759835131_v16_9_1200.jpeg\" class=\"block w-full object-cover relative z-10 aspect-[16\/9] \" alt=\"firo :  06.10.2025&#10;Fussball, Fu\u00dfball, 2.Liga, 2.Bundesliga, Saison 2025\/2026, &#10;VfL Bochum 1848, PK, Pressekonferenz, \" title=\"Vorstandsvorsitzender Andreas Luthe, Trainer Uwe R\u00f6sler und Gesch\u00e4ftsf\u00fchrer Ilja Kaenzig nach der Pressekonferenz des VfL Bochum zur R\u00f6sler-Vorstellung.\" loading=\"lazy\"\/><\/p>\n<p>\n      Vorstandsvorsitzender Andreas Luthe, Trainer Uwe R\u00f6sler und Gesch\u00e4ftsf\u00fchrer Ilja Kaenzig nach der Pressekonferenz des VfL Bochum zur R\u00f6sler-Vorstellung.<br \/>\n      \u00a9 Ralf Ibing \/firo Sportphoto | Ralf Ibing\n    <\/p>\n<p class=\"expressive-copy-lg-body\">Zudem geht es um die tiefe Krise des VfL: Haben Vorstandschef <strong>Andreas Luthe<\/strong> und Gesch\u00e4ftsf\u00fchrer <strong>Ilja Kaenzig<\/strong> den Klub \u201ein die H\u00f6lle\u201c geredet mit ihrer dramatischen Wortwahl zur Lage? Oder waren es passende Aussagen zur rechten Zeit? Auch die neue F\u00fchrungsstruktur im sportlichen Bereich mit Kandidat Maximilian Hahn und dem nun auch offiziell aufgestiegenen Simon Zoller ist Thema des Talks (Bericht: <a href=\"https:\/\/www.waz.de\/sport\/vfl-bochum\/article410161593\/vfl-bochum-wer-unterstuetzt-zoller-spur-fuehrt-in-die-premier-league.html\" data-category-full-path=\"https:\/\/www.waz.de\/sport\/vfl-bochum\/\" data-paid-status=\"premium\" data-article-publish-date=\"1759752271\" rel=\"nofollow noopener\" target=\"_blank\">hier<\/a>).<\/p>\n<p>  Inside VfL: Jetzt kostenlos abonnieren! <\/p>\n<p>    <img decoding=\"async\" src=\"https:\/\/www.europesays.com\/de\/wp-content\/uploads\/2025\/10\/410171795_1759835714_v16_9_1200.jpeg\" class=\"block w-full object-cover relative z-10 aspect-[1\/1] \" alt=\"214058_1269_cover.jpg\" title=\"214058_1269_cover.jpg\" loading=\"lazy\"\/><\/p>\n<p class=\"expressive-copy-lg-body\">Bei <a href=\"https:\/\/www.waz.de\/sport\/vfl-bochum\/vfl-bochum-talk\/\" target=\"_blank\" rel=\"nofollow noopener\">\u201eInside VfL &#8211; der Stadtwerke Bochum-Talk<\/a><a href=\"https:\/\/www.waz.de\/sport\/vfl-bochum\/vfl-bochum-talk\/\" target=\"_blank\" rel=\"nofollow noopener\">\u201c<\/a> bekommt Ihr alle Hintergr\u00fcnde zur aktuellen Bundesliga-Saison des VfL Bochums, eine Analyse der Spiele, aber auch Informationen zu Transfers, was der Verein treibt und Antworten auf eure Fragen! <\/p>\n<p>   VfL Bochum-Newsletter: Jetzt kostenlos anmelden!<\/p>\n<p class=\"text-body2 mt-2\">Spielberichte, Transferger\u00fcchte, Analysen, Interviews: Das Wichtigste zum VfL.<\/p>\n<p class=\"text-caption text-copy-secondary\">\n          Mit meiner Anmeldung zum Newsletter stimme ich der<br \/>\n          <a href=\"https:\/\/www.waz.de\/services\/newsletter-adconsent\" class=\"text-overline text-copy-accent-negative dark:underline\" rel=\"nofollow noopener\" target=\"_blank\">Werbevereinbarung<\/a><br \/>\n          zu.\n        <\/p>\n<p class=\"expressive-copy-lg-body\">\u201eInside VfL\u201c gibt es jeden Montag \u00fcberall da, wo es Podcasts gibt, zum Beispiel auf <a href=\"https:\/\/open.spotify.com\/show\/1BmYSHMR2m3S8QUfrlDJFn?si=sNgA9F7oTWWYJ0M2f2uxDg\" target=\"_blank\" rel=\"nofollow noopener\">Spotify<\/a>, <a href=\"https:\/\/podcasts.apple.com\/us\/podcast\/inside-vfl-der-stadtwerke-bochum-talk\/id1758727086\" target=\"_blank\" rel=\"nofollow noopener\">Apple Podcasts<\/a> und <a href=\"https:\/\/music.amazon.com\/podcasts\/936140d5-bd3f-4bf5-9964-28ee6796e55f\" target=\"_blank\" rel=\"nofollow noopener\">Amazon Music<\/a>. Ihr k\u00f6nnt uns au\u00dferdem im Video auf <a href=\"https:\/\/www.youtube.com\/@AnneCastroper-der-VfL-Talk\" target=\"_blank\" rel=\"nofollow noopener\">Youtube<\/a> sehen. Folgt uns auf eurer liebsten Podcastplattform und abonniert uns \u00fcber die Youtube-Glocke, dann verpasst ihr keine Folge.<\/p>\n<p>Feedback und Fragen? So erreicht ihr uns<\/p>\n<p class=\"expressive-copy-lg-body\">Ihr m\u00f6chtet uns eine Frage zum Talk schicken? Ihr habt Kritik und Verbesserungsvorschl\u00e4ge? Oder ihr m\u00f6chtet einfach ein Lob da lassen? So k\u00f6nnt Ihr uns erreichen:<\/p>\n","protected":false},"excerpt":{"rendered":"Uwe R\u00f6sler hat am Montag seine Arbeit aufgenommen beim VfL Bochum, bei einer Pressekonferenz kam er als Typ&hellip;\n","protected":false},"author":2,"featured_media":479861,"comment_status":"","ping_status":"","sticky":false,"template":"","format":"standard","meta":{"footnotes":""},"categories":[1839],"tags":[7507,3364,29,30,1209],"class_list":{"0":"post-479860","1":"post","2":"type-post","3":"status-publish","4":"format-standard","5":"has-post-thumbnail","7":"category-bochum","8":"tag-bochum","9":"tag-de","10":"tag-deutschland","11":"tag-germany","12":"tag-nordrhein-westfalen"},"share_on_mastodon":{"url":"https:\/\/pubeurope.com\/@de\/115332675476088989","error":""},"_links":{"self":[{"href":"https:\/\/www.europesays.com\/de\/wp-json\/wp\/v2\/posts\/479860","targetHints":{"allow":["GET"]}}],"collection":[{"href":"https:\/\/www.europesays.com\/de\/wp-json\/wp\/v2\/posts"}],"about":[{"href":"https:\/\/www.europesays.com\/de\/wp-json\/wp\/v2\/types\/post"}],"author":[{"embeddable":true,"href":"https:\/\/www.europesays.com\/de\/wp-json\/wp\/v2\/users\/2"}],"replies":[{"embeddable":true,"href":"https:\/\/www.europesays.com\/de\/wp-json\/wp\/v2\/comments?post=479860"}],"version-history":[{"count":0,"href":"https:\/\/www.europesays.com\/de\/wp-json\/wp\/v2\/posts\/479860\/revisions"}],"wp:featuredmedia":[{"embeddable":true,"href":"https:\/\/www.europesays.com\/de\/wp-json\/wp\/v2\/media\/479861"}],"wp:attachment":[{"href":"https:\/\/www.europesays.com\/de\/wp-json\/wp\/v2\/media?parent=479860"}],"wp:term":[{"taxonomy":"category","embeddable":true,"href":"https:\/\/www.europesays.com\/de\/wp-json\/wp\/v2\/categories?post=479860"},{"taxonomy":"post_tag","embeddable":true,"href":"https:\/\/www.europesays.com\/de\/wp-json\/wp\/v2\/tags?post=479860"}],"curies":[{"name":"wp","href":"https:\/\/api.w.org\/{rel}","templated":true}]}}