{"id":479915,"date":"2025-10-07T12:03:11","date_gmt":"2025-10-07T12:03:11","guid":{"rendered":"https:\/\/www.europesays.com\/de\/479915\/"},"modified":"2025-10-07T12:03:11","modified_gmt":"2025-10-07T12:03:11","slug":"spd-und-volt-bilden-eine-fraktion","status":"publish","type":"post","link":"https:\/\/www.europesays.com\/de\/479915\/","title":{"rendered":"SPD und Volt bilden eine Fraktion"},"content":{"rendered":"<p class=\"small date article__date\">Ver\u00f6ffentlicht:\u00a0Dienstag, 07.10.2025 13:49<\/p>\n<p>Die D\u00fcsseldorfer SPD formiert sich f\u00fcr eine m\u00f6gliche Koalition mit der CDU im Rathaus. Die Sozialdemokraten gehen ganz offiziell mit <a href=\"https:\/\/voltdeutschland.org\/duesseldorf\" rel=\"noopener noreferrer\" target=\"_blank\">Volt<\/a> zu einer <a href=\"https:\/\/www.spd-duesseldorf.de\/2025\/10\/06\/spd-und-volt-bilden-gemeinsame-fraktion-zusammenarbeit-im-stadtrat-wird-fortgesetzt\/\" rel=\"noopener noreferrer\" target=\"_blank\">gemeinsamen Fraktion <\/a>zusammen. <\/p>\n<p><img decoding=\"async\" alt=\"Das D\u00fcsseldorfer Rathaus mit bepflanzten Geranienk\u00e4sten in der Altstadt. Davor steht die Statue von Jan Wellem.\" src=\"https:\/\/www.europesays.com\/de\/wp-content\/uploads\/2025\/10\/rathaus-marktplatz--jan-wellen.jpg&#038;crop=0x256x4080x2550&#038;resize=1280x800&#038;dt=202509170840510.jpeg\" data-size=\"1280x800\"\/>\u00a9 Antenne D\u00fcsseldorf<\/p>\n<p>Sie wird auch unter dem Namen &#8222;SPD\/Volt&#8220; auftreten und kommt auf 16 Sitze. <\/p>\n<p>Knappe Mehrheit f\u00fcr CDU\/SPD\/Volt<\/p>\n<p>Eine m\u00f6gliche Koalition CDU\/SPD\/Volt h\u00e4tte 47 Stimmen im 92 Sitze starken Stadtrat, also eine knappe Mehrheit. Ob es dazu kommt, werden die laufenden Gespr\u00e4che hinter den Rathauskulissen zeigen. <\/p>\n<p>Stabilere Mehrheit f\u00fcr Schwarz\/Gr\u00fcn<\/p>\n<p>Komfortabler w\u00e4re die CDU-Mehrheit mit den GR\u00dcNEN (51 Stimmen). Unabh\u00e4ngig davon, ob SPD\/Volt in der Ratsmehrheit oder Opposition landet, will die Fraktion sich f\u00fcr bezahlbaren Wohnraum einsetzen. <\/p>\n<p>Neue D\u00fcsseldorf-App<\/p>\n<p>Volt bringt au\u00dferdem eine neue D\u00fcsseldorf-App ins Spiel, die KI-unterst\u00fctzt durch die st\u00e4dtischen Angebote navigieren soll.<\/p>\n<p>Weitere Infos und Links zum Thema:<\/p>\n<p><a href=\"https:\/\/www.antenneduesseldorf.de\/artikel\/im-rathaus-starten-erste-sondierungsgespraeche-2454385.html\" rel=\"noopener noreferrer\" target=\"_blank\">Unsere Berichterstattung zum Start der Sondierungen im Rathaus<\/a><\/p>\n<p><a href=\"https:\/\/www.antenneduesseldorf.de\/programm\/kommunalwahl-in-duesseldorf.html\" rel=\"noopener noreferrer\" target=\"_blank\">Unsere Sonderseite zur Kommunalwahl<\/a><\/p>\n<p><a href=\"https:\/\/rp-online.de\/nrw\/staedte\/duesseldorf\/duesseldorf-spd-und-volt-bilden-gemeinsame-fraktion-im-stadtrat_aid-136387563\" rel=\"noopener noreferrer\" target=\"_blank\">So berichtet RP Online<\/a><\/p>\n<p>Folge uns f\u00fcr mehr News &amp; Updates:<\/p>\n<p><a href=\"https:\/\/www.antenneduesseldorf.de\/service\/radioplayer.html?radiochannel=live\" rel=\"noopener noreferrer\" target=\"_blank\">Livestream<\/a> | <a href=\"https:\/\/www.instagram.com\/antenne_duesseldorf\/?hl=de\" rel=\"noopener noreferrer\" target=\"_blank\">Instagram<\/a> | <a href=\"https:\/\/www.facebook.com\/antenneduesseldorf\/?locale=de_DE\" rel=\"noopener noreferrer\" target=\"_blank\">Facebook<\/a> | <a href=\"https:\/\/www.whatsapp.com\/channel\/0029VaVMRhHC6Zvi1qpXz42Y\" rel=\"noopener noreferrer\" target=\"_blank\">WhatsApp-Kanal<\/a><\/p>\n<p><script async src=\"\/\/www.instagram.com\/embed.js\"><\/script><\/p>\n","protected":false},"excerpt":{"rendered":"Ver\u00f6ffentlicht:\u00a0Dienstag, 07.10.2025 13:49 Die D\u00fcsseldorfer SPD formiert sich f\u00fcr eine m\u00f6gliche Koalition mit der CDU im Rathaus. Die&hellip;\n","protected":false},"author":2,"featured_media":479916,"comment_status":"","ping_status":"","sticky":false,"template":"","format":"standard","meta":{"footnotes":""},"categories":[1831],"tags":[3364,29,3405,30,44,10917,1209,2218],"class_list":{"0":"post-479915","1":"post","2":"type-post","3":"status-publish","4":"format-standard","5":"has-post-thumbnail","7":"category-duesseldorf","8":"tag-de","9":"tag-deutschland","10":"tag-duesseldorf","11":"tag-germany","12":"tag-koalition","13":"tag-kommunalwahl","14":"tag-nordrhein-westfalen","15":"tag-rathaus"},"share_on_mastodon":{"url":"https:\/\/pubeurope.com\/@de\/115332790049085134","error":""},"_links":{"self":[{"href":"https:\/\/www.europesays.com\/de\/wp-json\/wp\/v2\/posts\/479915","targetHints":{"allow":["GET"]}}],"collection":[{"href":"https:\/\/www.europesays.com\/de\/wp-json\/wp\/v2\/posts"}],"about":[{"href":"https:\/\/www.europesays.com\/de\/wp-json\/wp\/v2\/types\/post"}],"author":[{"embeddable":true,"href":"https:\/\/www.europesays.com\/de\/wp-json\/wp\/v2\/users\/2"}],"replies":[{"embeddable":true,"href":"https:\/\/www.europesays.com\/de\/wp-json\/wp\/v2\/comments?post=479915"}],"version-history":[{"count":0,"href":"https:\/\/www.europesays.com\/de\/wp-json\/wp\/v2\/posts\/479915\/revisions"}],"wp:featuredmedia":[{"embeddable":true,"href":"https:\/\/www.europesays.com\/de\/wp-json\/wp\/v2\/media\/479916"}],"wp:attachment":[{"href":"https:\/\/www.europesays.com\/de\/wp-json\/wp\/v2\/media?parent=479915"}],"wp:term":[{"taxonomy":"category","embeddable":true,"href":"https:\/\/www.europesays.com\/de\/wp-json\/wp\/v2\/categories?post=479915"},{"taxonomy":"post_tag","embeddable":true,"href":"https:\/\/www.europesays.com\/de\/wp-json\/wp\/v2\/tags?post=479915"}],"curies":[{"name":"wp","href":"https:\/\/api.w.org\/{rel}","templated":true}]}}