{"id":479919,"date":"2025-10-07T12:05:15","date_gmt":"2025-10-07T12:05:15","guid":{"rendered":"https:\/\/www.europesays.com\/de\/479919\/"},"modified":"2025-10-07T12:05:15","modified_gmt":"2025-10-07T12:05:15","slug":"12-sicherheitskraefte-verletzt-schausteller-verpruegeln-polizisten-auf-dem-wasen-regional","status":"publish","type":"post","link":"https:\/\/www.europesays.com\/de\/479919\/","title":{"rendered":"12 Sicherheitskr\u00e4fte verletzt: Schausteller verpr\u00fcgeln Polizisten auf dem Wasen | Regional"},"content":{"rendered":"<p>Stuttgart \u2013 <b>Gewalt-Eskalation auf dem zweitgr\u00f6\u00dften Volksfest der Welt. In der Nacht auf Dienstag gerieten auf dem Cannstatter Wasen zwei Schausteller-Familien und die Polizei aneinander. Es gab zahlreiche Verletzte. <\/b><\/p>\n<p>Kurz vor Mitternacht kamen es im Festzelt von Sonja Merz (\u201eZelt mit Herz\u201c) zum Streit zwischen den Schausteller-Familien. Sicherheitsleute holten die <a href=\"https:\/\/www.bild.de\/regional\/aktuelles\/polizei\/polizeieinsatz-alle-infos-76681760.bild.html\" class=\"text-link\" target=\"_blank\" rel=\"noopener\">Polizei<\/a> zu Hilfe, worauf sich die Pr\u00fcgelnden offenbar solidarisierten und nun gemeinsam auf die Beamten losgingen. Karina Starke, Sprecherin der Polizei <a href=\"https:\/\/www.bild.de\/regional\/stuttgart\/stuttgart-regional\/home-16344498.bild.html\" class=\"text-link\" target=\"_blank\" rel=\"noopener\">Stuttgart<\/a>: \u201eDie Kollegen wurden t\u00e4tlich angegriffen. Sie setzten sich mit Pfefferspray zur Wehr.\u201c<\/p>\n<p><img decoding=\"async\" width=\"992\" height=\"558\" alt=\"Das Cannstatter Volksfest dauert noch bis 12. Oktober\" src=\"https:\/\/www.europesays.com\/de\/wp-content\/uploads\/2025\/10\/7b7a0490ac06c226d18d798158c98b6a,adb698b3\"   class=\"landscape\" loading=\"lazy\"\/><\/p>\n<p class=\"fig__caption__text\">Das Cannstatter Volksfest dauert noch bis 12. Oktober<\/p>\n<p>Foto: Bernd Wei\u00dfbrod\/dpa<\/p>\n<p>Zehn Festnahmen auf dem Stuttgarter Volksfest<\/p>\n<p>Augenzeugen berichten, dass die Polizei rund 40 Beteiligte vor\u00fcbergehend festsetzte. Festgenommen wurden letztlich zehn, darunter auch Frauen. Die Polizeisprecherin: \u201eWir ermitteln wegen Landfriedensbruchs, t\u00e4tlichen Angriffs auf Vollstreckungsbeamte, K\u00f6rperverletzung, Bedrohung und Beleidigung.\u201c Zuerst hatte der SWR berichtet.<\/p>\n<p><b>Brutale Bilanz: acht verletzte Polizisten und vier verletzte Ordner! Unklar, ob auch Schausteller von Sanit\u00e4tern versorgt werden mussten.<\/b><\/p>\n<p>Volksfest-Pr\u00fcgelei ufert in Festzelt-Bar aus<\/p>\n<p>Festwirtin Sonja Merz zu BILD: \u201eDie Pr\u00fcgelei begann kurz vor Feierabend in der \u201aSchatzi Bar\u2018. Dort darf Alkohol noch eine Stunde l\u00e4nger bis Mitternacht ausgeschenkt werden.\u201c Sie m\u00fcsse sich erst einen \u00dcberblick \u00fcber die <a href=\"https:\/\/www.bild.de\/themen\/ereignisse\/straftaten\/news-fotos-videos-17026252.bild.html\" class=\"text-link\" target=\"_blank\" rel=\"noopener\">Straftaten<\/a> verschaffen und dann mit der Polizei beraten, was zu tun sei.<\/p>\n<p>Mehr zum Thema<\/p>\n<p>Festwirte-Sprecher Werner Klauss ist entsetzt: \u201eEin solcher Vorfall muss Konsequenzen haben.\u201c Denkbar sei, die beteiligten Schl\u00e4ger vom n\u00e4chsten Cannstatter Wasen auszuschlie\u00dfen.<\/p>\n<p>Volksfest-Veranstalter ist die st\u00e4dtische Marketing-Gesellschaft in.stuttgart. Dort will man zun\u00e4chst den offiziellen Bericht der Polizei abwarten.<\/p>\n<p><b>Mit vier Millionen Besuchern ist der Cannstatter Wasen nach dem M\u00fcnchner Oktoberfest das zweitgr\u00f6\u00dfte <\/b><a href=\"https:\/\/www.bild.de\/themen\/ereignisse\/volksfeste\/politik-nachrichten-news-fotos-videos-20523974.bild.html\" class=\"text-link\" target=\"_blank\" rel=\"noopener\"><b>Volksfest<\/b><\/a><b> der Welt. Es wurde 1818 vom w\u00fcrttembergischen K\u00f6nig Wilhelm I. als Erntedankfest gegr\u00fcndet. 300 Wirte, Schausteller und Marktbeschicker beteiligen sich.<\/b><\/p>\n","protected":false},"excerpt":{"rendered":"Stuttgart \u2013 Gewalt-Eskalation auf dem zweitgr\u00f6\u00dften Volksfest der Welt. In der Nacht auf Dienstag gerieten auf dem Cannstatter&hellip;\n","protected":false},"author":2,"featured_media":479920,"comment_status":"","ping_status":"","sticky":false,"template":"","format":"standard","meta":{"footnotes":""},"categories":[1830],"tags":[1634,19378,3364,29,980,30,682,5590,18404,121,4833,26977,1441,2627,48132],"class_list":{"0":"post-479919","1":"post","2":"type-post","3":"status-publish","4":"format-standard","5":"has-post-thumbnail","7":"category-stuttgart","8":"tag-baden-wuerttemberg","9":"tag-cannstatter-volksfest","10":"tag-de","11":"tag-deutschland","12":"tag-festnahme","13":"tag-germany","14":"tag-koerperverletzung","15":"tag-landfriedensbruch","16":"tag-muehlebach-robin","17":"tag-polizei","18":"tag-schausteller","19":"tag-stegmueller-hagen","20":"tag-stuttgart","21":"tag-verletzungen","22":"tag-wimmer-sascha"},"share_on_mastodon":{"url":"https:\/\/pubeurope.com\/@de\/115332797802163382","error":""},"_links":{"self":[{"href":"https:\/\/www.europesays.com\/de\/wp-json\/wp\/v2\/posts\/479919","targetHints":{"allow":["GET"]}}],"collection":[{"href":"https:\/\/www.europesays.com\/de\/wp-json\/wp\/v2\/posts"}],"about":[{"href":"https:\/\/www.europesays.com\/de\/wp-json\/wp\/v2\/types\/post"}],"author":[{"embeddable":true,"href":"https:\/\/www.europesays.com\/de\/wp-json\/wp\/v2\/users\/2"}],"replies":[{"embeddable":true,"href":"https:\/\/www.europesays.com\/de\/wp-json\/wp\/v2\/comments?post=479919"}],"version-history":[{"count":0,"href":"https:\/\/www.europesays.com\/de\/wp-json\/wp\/v2\/posts\/479919\/revisions"}],"wp:featuredmedia":[{"embeddable":true,"href":"https:\/\/www.europesays.com\/de\/wp-json\/wp\/v2\/media\/479920"}],"wp:attachment":[{"href":"https:\/\/www.europesays.com\/de\/wp-json\/wp\/v2\/media?parent=479919"}],"wp:term":[{"taxonomy":"category","embeddable":true,"href":"https:\/\/www.europesays.com\/de\/wp-json\/wp\/v2\/categories?post=479919"},{"taxonomy":"post_tag","embeddable":true,"href":"https:\/\/www.europesays.com\/de\/wp-json\/wp\/v2\/tags?post=479919"}],"curies":[{"name":"wp","href":"https:\/\/api.w.org\/{rel}","templated":true}]}}