{"id":479923,"date":"2025-10-07T12:07:12","date_gmt":"2025-10-07T12:07:12","guid":{"rendered":"https:\/\/www.europesays.com\/de\/479923\/"},"modified":"2025-10-07T12:07:12","modified_gmt":"2025-10-07T12:07:12","slug":"keramik-art-in-frankfurt-porzellan-bemalen-fuer-diy-fans","status":"publish","type":"post","link":"https:\/\/www.europesays.com\/de\/479923\/","title":{"rendered":"Keramik-Art in Frankfurt: Porzellan bemalen f\u00fcr DIY-Fans"},"content":{"rendered":"<p class=\"p1 sm:p1-medium items-start pb-[20px]\" data-selector=\"body-paragraph\" data-external-selector=\"body-elements-paragraph\" data-v-f16c667d=\"\" data-v-439309db=\"\">Die Kastanien sind in den vergangenen Tagen heruntergeprasselt, die B\u00e4ume f\u00e4rben sich langsam bunt, und in den Superm\u00e4rkten liegen l\u00e4ngst viele Weihnachtsleckereien. Wer nicht das ganze Jahr \u00fcber selbst werkelt, kriegt jetzt langsam Lust darauf. Und schlie\u00dflich kann man gar nicht fr\u00fch genug anfangen, wenn man Freunde oder Verwandte zum Fest mit Selbstgemachtem \u00fcberraschen m\u00f6chte. Handwerksprojekte brauchen ihre Zeit, und auch Pullis und Schals stricken sich schlie\u00dflich nicht \u00fcber Nacht. Deutlich schneller fertig werden dagegen Geschenke aus selbst bemaltem Porzellan. Und daf\u00fcr gibt es seit einigen Monaten eine neue Adresse in <a class=\"rtr-entity\" data-rtr-entity=\"Frankfurt-Sachsenhausen\" data-rtr-id=\"959e05b9f7f4b899780085a2b77f520ade033c65\" data-rtr-score=\"15.992337048703659\" data-rtr-etype=\"location\" href=\"https:\/\/www.faz.net\/aktuell\/rhein-main\/thema\/frankfurt-sachsenhausen\" title=\"Frankfurt-Sachsenhausen\" rel=\"nofollow noopener\" target=\"_blank\">Frankfurt-Sachsenhausen<\/a>.<\/p>\n<p class=\"p1 sm:p1-medium items-start pb-[20px]\" data-selector=\"body-paragraph\" data-external-selector=\"body-elements-paragraph\" data-v-f16c667d=\"\" data-v-439309db=\"\">Die Einrichtung von \u201eKeramik-Art\u201c im ehemaligen Schuhhaus Jordan an der Schweizer Stra\u00dfe ist so wei\u00df wie die vielen Porzellan-Rohlinge in den Regalen. An einem der Tische, die f\u00fcr gr\u00f6\u00dfere Gruppen auch zusammengeschoben werden k\u00f6nnen, sitzt ein M\u00e4dchen mit ihrer Mutter. Die Grundsch\u00fclerin hat schon mehrere kleine Sch\u00e4lchen vor sich stehen, die sie mit Schmetterlingen und Ornamenten in verschiedenen Farben bemalt hat. Ihre Mutter arbeitet konzentriert an einer gro\u00dfen Obstschale mit einem geschwungenen Schachbrettmuster in mehreren Blaut\u00f6nen. An zwei gr\u00f6\u00dferen Tischen im anderen Teil des Ladens sitzt eine Gruppe junger Leute, die mit ganz unterschiedlichen Porzellanteilen besch\u00e4ftigt sind und sich dabei munter unterhalten.<\/p>\n<p>Porzellan-Rohlinge kosten zwischen 10 und 80 Euro<\/p>\n<p class=\"p1 sm:p1-medium items-start pb-[20px]\" data-selector=\"body-paragraph\" data-external-selector=\"body-elements-paragraph\" data-v-f16c667d=\"\" data-v-439309db=\"\">Ob kreativer Mutter-Tochter-Nachmittag, Geburtstagsparty oder Ferienprogramm f\u00fcr Kinder, M\u00e4delsabend, Happy Hour oder Firmenevent, Birgit Albert freut sich, wie gut ihr Angebot ankommt. Sie bietet w\u00e4hrend der \u00d6ffnungszeiten t\u00e4glich verschiedene Zeit\u00adslots an, die telefonisch oder per Mail\u00adanfrage gebucht werden k\u00f6nnen. Einzeln oder zu zweit k\u00f6nne man auch spontan vorbeikommen und schauen, ob Pl\u00e4tze frei seien. Dann kann man gleich loslegen. Die Zeitslots von zweieinhalb Stunden \u2013 bei Bedarf auch etwas l\u00e4nger \u2013 kosten 25 Euro f\u00fcr eine Person. Der Preis wird auf die ausgew\u00e4hlte Keramik und Getr\u00e4nke, die in einer ansehnlichen Auswahl mit und ohne Alkohol gew\u00e4hlt werden k\u00f6nnen, angerechnet.<\/p>\n<p class=\"p1 sm:p1-medium items-start pb-[20px]\" data-selector=\"body-paragraph\" data-external-selector=\"body-elements-paragraph\" data-v-f16c667d=\"\" data-v-439309db=\"\">Die Vielfalt der Rohkeramiken ist gro\u00df, sie reicht von verschiedenen Vasentypen \u00fcber diverse Schalen, Sch\u00fcsseln und Platten, Teller und Tassen, Milchk\u00e4nnchen, Becher und Sparschweine bis zu kleinen Skulpturen. Sie kosten um die zehn Euro f\u00fcr kleinere St\u00fccke und 60 bis 80 Euro f\u00fcr gr\u00f6\u00dfere Schalen und Vasen. Im Preis enthalten ist die Nutzung aller Farben und Pinsel, die in weiteren Regalen bereitstehen, ebenso wie die Glasur und das Brennen. Am beliebtesten sind offensichtlich die Kaffeebecher in unterschiedlichen Formen, wie sich auf dem Tisch mit den fertig gebrannten Teilen zeigt, die zur Abholung bereitstehen.<\/p>\n<p class=\"p1 sm:p1-medium items-start pb-[20px]\" data-selector=\"body-paragraph\" data-external-selector=\"body-elements-paragraph\" data-v-f16c667d=\"\" data-v-439309db=\"\">Das fertig bemalte St\u00fcck k\u00f6nnen die Hobbyk\u00fcnstler einfach an ihrem Platz stehen lassen, beim Check-out an der Kasse erhalten sie einen Abholschein und werden informiert, wenn es fertig gebrannt ist. Das dauert etwa drei Wochen, wie Albert sagt, weil der Andrang so gro\u00df ist und sie eine spezielle Brenntechnik nutzt. Es lohnt sich also, vielleicht in den Herbstferien mit den Geschenken f\u00fcr die Lieben zu beginnen. Wer lieber etwas stricken m\u00f6chte, kann auch das k\u00fcnftig in dem Kreativ-Laden machen, weil Birgit Albert mit einem namhaften Wollhersteller k\u00fcnftig Kurse anbieten will.<\/p>\n<p><strong>Keramik-Art,<\/strong> Schweizer Stra\u00dfe 72, Frankfurt-Sachsenhausen; ge\u00f6ffnet Montag bis Freitag 14 bis 19 Uhr, Samstag und Sonntag 13 bis 20 Uhr, freitags und samstags zudem von 20 bis 23.30 Uhr. Telefon 0\u200a69 98\u200a19\u200a18\u200a88; Internet: <a href=\"https:\/\/Keramikart-frankfurt.de\" target=\"_blank\" title=\"Keramikart-frankfurt.de\" rel=\"nofollow noopener\">Keramikart-frankfurt.de<\/a><\/p>\n<p>KI-Artikelchat nutzen<\/p>\n<p>Mit der kostenlosen Registrierung nutzen Sie Vorteile wie den Merkzettel.&#13;<br \/>\n                Dies ist&#13;<br \/>\n                kein Abo und kein Zugang zu FAZ+&#13;<br \/>\n                Artikeln.<\/p>\n<p>Sie haben Zugriff mit Ihrem Digital-Abo.<\/p>\n<p>Vielen Dank f\u00fcr Ihre Registrierung<\/p>\n<p>            <a data-registered-resend=\"\" adobe-track=\"true\"\/><br \/>\n            <a data-loggedin-continue=\"\" adobe-track=\"true\"\/><br \/>\n            <a data-login=\"\" adobe-track=\"true\"\/><br \/>\n            <a data-register=\"\" adobe-track=\"true\"\/><\/p>\n","protected":false},"excerpt":{"rendered":"Die Kastanien sind in den vergangenen Tagen heruntergeprasselt, die B\u00e4ume f\u00e4rben sich langsam bunt, und in den Superm\u00e4rkten&hellip;\n","protected":false},"author":2,"featured_media":479924,"comment_status":"","ping_status":"","sticky":false,"template":"","format":"standard","meta":{"footnotes":""},"categories":[1829],"tags":[29,2050,2051,30,2052],"class_list":{"0":"post-479923","1":"post","2":"type-post","3":"status-publish","4":"format-standard","5":"has-post-thumbnail","7":"category-frankfurt-am-main","8":"tag-deutschland","9":"tag-frankfurt","10":"tag-frankfurt-am-main","11":"tag-germany","12":"tag-hessen"},"share_on_mastodon":{"url":"https:\/\/pubeurope.com\/@de\/115332805074317202","error":""},"_links":{"self":[{"href":"https:\/\/www.europesays.com\/de\/wp-json\/wp\/v2\/posts\/479923","targetHints":{"allow":["GET"]}}],"collection":[{"href":"https:\/\/www.europesays.com\/de\/wp-json\/wp\/v2\/posts"}],"about":[{"href":"https:\/\/www.europesays.com\/de\/wp-json\/wp\/v2\/types\/post"}],"author":[{"embeddable":true,"href":"https:\/\/www.europesays.com\/de\/wp-json\/wp\/v2\/users\/2"}],"replies":[{"embeddable":true,"href":"https:\/\/www.europesays.com\/de\/wp-json\/wp\/v2\/comments?post=479923"}],"version-history":[{"count":0,"href":"https:\/\/www.europesays.com\/de\/wp-json\/wp\/v2\/posts\/479923\/revisions"}],"wp:featuredmedia":[{"embeddable":true,"href":"https:\/\/www.europesays.com\/de\/wp-json\/wp\/v2\/media\/479924"}],"wp:attachment":[{"href":"https:\/\/www.europesays.com\/de\/wp-json\/wp\/v2\/media?parent=479923"}],"wp:term":[{"taxonomy":"category","embeddable":true,"href":"https:\/\/www.europesays.com\/de\/wp-json\/wp\/v2\/categories?post=479923"},{"taxonomy":"post_tag","embeddable":true,"href":"https:\/\/www.europesays.com\/de\/wp-json\/wp\/v2\/tags?post=479923"}],"curies":[{"name":"wp","href":"https:\/\/api.w.org\/{rel}","templated":true}]}}