{"id":479925,"date":"2025-10-07T12:08:14","date_gmt":"2025-10-07T12:08:14","guid":{"rendered":"https:\/\/www.europesays.com\/de\/479925\/"},"modified":"2025-10-07T12:08:14","modified_gmt":"2025-10-07T12:08:14","slug":"jahrestag-7-oktober-verwaltungsgericht-hebt-verbot-von-pro-palaestina-demo-in-frankfurt-auf-und-erhebt-vorwuerfe-gegen-die-stadt","status":"publish","type":"post","link":"https:\/\/www.europesays.com\/de\/479925\/","title":{"rendered":"Jahrestag 7. Oktober &#8211; Verwaltungsgericht hebt Verbot von Pro-Pal\u00e4stina-Demo in Frankfurt auf und erhebt Vorw\u00fcrfe gegen die Stadt"},"content":{"rendered":"<p>                    <img decoding=\"async\" loading=\"lazy\" class=\"internal-image\" title=\"Der Eingangsbereich am Verwaltungsgericht in Frankfurt am Main.\" alt=\"Der Eingangsbereich am Verwaltungsgericht in Frankfurt am Main.\" src=\"https:\/\/www.europesays.com\/de\/wp-content\/uploads\/2025\/10\/12016350-jpg-100-1920x1080.jpg\" \/><\/p>\n<p>                  Das Verwaltungsgericht in Frankfurt am Main l\u00e4sst die Demonstration zu. (picture-alliance \/ dpa \/ Beate Schleep)<\/p>\n<p>Es gab damit einem Eilantrag der Organisatoren statt. Zur Begr\u00fcndung hie\u00df es, das Datum des 7. Oktobers allein k\u00f6nne kein Verbot rechtfertigen. Zudem handele es sich um eine blo\u00dfe Behauptung der Stadt, dass aus der polizeilichen Gefahrenprognose eine hohe Wahrscheinlichkeit f\u00fcr gewaltt\u00e4tige Auseinandersetzungen folge. Vielmehr gehe aus dieser auch dem Gericht vorliegenden Einsch\u00e4tzung hervor, dass die Polizei im Ergebnis einen friedlichen Verlauf erwarte.<\/p>\n<p>Die Stadt Frankfurt will den f\u00fcr den Abend geplanten Demonstrationszug mit dem Titel &#8222;77 Jahre Widerstand &#8211; kein Frieden ohne Freiheit!&#8220; verbieten. Die Anmelder rechnen mit 1.000 Teilnehmern. Gegen den Beschluss kann noch Beschwerde beim Hessischen Verwaltungsgerichtshof in Kassel eingelegt werden.<\/p>\n<p>Diese Nachricht wurde am 07.10.2025 im Programm Deutschlandfunk gesendet.<\/p>\n","protected":false},"excerpt":{"rendered":"Das Verwaltungsgericht in Frankfurt am Main l\u00e4sst die Demonstration zu. (picture-alliance \/ dpa \/ Beate Schleep) Es gab&hellip;\n","protected":false},"author":2,"featured_media":479926,"comment_status":"","ping_status":"","sticky":false,"template":"","format":"standard","meta":{"footnotes":""},"categories":[1829],"tags":[29,2050,2051,30,2052],"class_list":{"0":"post-479925","1":"post","2":"type-post","3":"status-publish","4":"format-standard","5":"has-post-thumbnail","7":"category-frankfurt-am-main","8":"tag-deutschland","9":"tag-frankfurt","10":"tag-frankfurt-am-main","11":"tag-germany","12":"tag-hessen"},"share_on_mastodon":{"url":"https:\/\/pubeurope.com\/@de\/115332809537217397","error":""},"_links":{"self":[{"href":"https:\/\/www.europesays.com\/de\/wp-json\/wp\/v2\/posts\/479925","targetHints":{"allow":["GET"]}}],"collection":[{"href":"https:\/\/www.europesays.com\/de\/wp-json\/wp\/v2\/posts"}],"about":[{"href":"https:\/\/www.europesays.com\/de\/wp-json\/wp\/v2\/types\/post"}],"author":[{"embeddable":true,"href":"https:\/\/www.europesays.com\/de\/wp-json\/wp\/v2\/users\/2"}],"replies":[{"embeddable":true,"href":"https:\/\/www.europesays.com\/de\/wp-json\/wp\/v2\/comments?post=479925"}],"version-history":[{"count":0,"href":"https:\/\/www.europesays.com\/de\/wp-json\/wp\/v2\/posts\/479925\/revisions"}],"wp:featuredmedia":[{"embeddable":true,"href":"https:\/\/www.europesays.com\/de\/wp-json\/wp\/v2\/media\/479926"}],"wp:attachment":[{"href":"https:\/\/www.europesays.com\/de\/wp-json\/wp\/v2\/media?parent=479925"}],"wp:term":[{"taxonomy":"category","embeddable":true,"href":"https:\/\/www.europesays.com\/de\/wp-json\/wp\/v2\/categories?post=479925"},{"taxonomy":"post_tag","embeddable":true,"href":"https:\/\/www.europesays.com\/de\/wp-json\/wp\/v2\/tags?post=479925"}],"curies":[{"name":"wp","href":"https:\/\/api.w.org\/{rel}","templated":true}]}}