{"id":479929,"date":"2025-10-07T12:11:13","date_gmt":"2025-10-07T12:11:13","guid":{"rendered":"https:\/\/www.europesays.com\/de\/479929\/"},"modified":"2025-10-07T12:11:13","modified_gmt":"2025-10-07T12:11:13","slug":"muenchen-domina-soll-62-jaehrigen-in-dessen-haus-getoetet-haben-panorama","status":"publish","type":"post","link":"https:\/\/www.europesays.com\/de\/479929\/","title":{"rendered":"M\u00fcnchen: Domina soll 62-J\u00e4hrigen in dessen Haus get\u00f6tet haben &#8211; Panorama"},"content":{"rendered":"<p>\t\t\t\t\t\t\t\t\t\t\t\t\t\t\t\t\t\t\t\t\t\t\t\t\t\t\t\t\t\t\t\t\t\t\t\t   \t\t\t\t\t \t\t\t\t   \t      \t\t\t\t   <img decoding=\"async\" id=\"article-image\" fetchpriority=\"high\" alt=\"M\u00fcnchen: Domina soll 62-J\u00e4hrigen in dessen Haus get\u00f6tet haben\" title=\"M\u00fcnchen: Domina soll 62-J\u00e4hrigen in dessen Haus get\u00f6tet haben\" src=\"https:\/\/www.europesays.com\/de\/wp-content\/uploads\/2025\/10\/media.media.ccc862ec-2e38-4ef1-835e-7ebdef8358c7.original700.jpg\" data-linkto=\"https:\/\/www.esslinger-zeitung.de\/javascript:void(0);\"\/>\t\t\t\t\t\t\t\t\t\t\t\t\t\t\t\t\t\t\t\t\t\t\t\tEine Domina soll einen 62-J\u00e4hrigen in M\u00fcnchen in dessen Haus get\u00f6tet haben.\u00a0Foto: David Young\/dpa\t\t\t<\/p>\n<p>Im Sommer wird ein Mann tot in seinem Haus in M\u00fcnchen gefunden. Wenig sp\u00e4ter ermittelt die Polizei wegen eines Gewaltverbrechens. Jetzt sitzt eine Verd\u00e4chtige in Untersuchungshaft.<\/p>\n<p>Eine Domina soll einen 62-J\u00e4hrigen in <a href=\"https:\/\/www.esslinger-zeitung.de\/thema\/M%C3%BCnchen\" title=\"M\u00fcnchen\" class=\"art_thema\" target=\"_blank\" rel=\"noopener\">M\u00fcnchen<\/a> in dessen Haus get\u00f6tet haben. Die 58-J\u00e4hrige sitze wegen Verdachts auf <a href=\"https:\/\/www.esslinger-zeitung.de\/thema\/Mord\" title=\"Mord\" class=\"art_thema\" target=\"_blank\" rel=\"noopener\">Mord<\/a> in Untersuchungshaft, teilte die <a href=\"https:\/\/www.esslinger-zeitung.de\/thema\/Polizei\" title=\"Polizei\" class=\"art_thema\" target=\"_blank\" rel=\"noopener\">Polizei<\/a> mit. Die Frau sei f\u00fcr den Mann \u00fcber etwa 20 Jahre als Domina t\u00e4tig gewesen.\u00a0<\/p>\n<p>\u201eDabei ist \u00fcber die Jahre wohl ein gewisses Vertrauensverh\u00e4ltnis entstanden\u201c, sagte ein Polizeisprecher. Der zur\u00fcckgezogen lebende Mann habe die Frau als Alleinerbin eingesetzt. Das habe die Verd\u00e4chtige auch gewusst.<\/p>\n<p>Erbe als Motiv? <\/p>\n<p>\u201eWir gehen davon aus, dass das durchaus eine m\u00f6gliche Motivlage gewesen ist\u201c, sagte der Polizeisprecher. Die Ermittler gehen davon aus, dass die Frau mit deutscher Staatsb\u00fcrgerschaft den 62-J\u00e4hrigen in dessen Haus mit massiver stumpfer Gewalt gegen den Kopf get\u00f6tet hat.<\/p>\n<p>Nach dem Fund des Toten im Juli ermittelte die Polizei bald wegen eines m\u00f6glichen Gewaltverbrechens und richtete dazu eine eigene Ermittlungsgruppe ein. Festgenommen wurde die Verd\u00e4chtige erst gut drei Monate sp\u00e4ter. <\/p>\n","protected":false},"excerpt":{"rendered":"Eine Domina soll einen 62-J\u00e4hrigen in M\u00fcnchen in dessen Haus get\u00f6tet haben.\u00a0Foto: David Young\/dpa Im Sommer wird ein&hellip;\n","protected":false},"author":2,"featured_media":477781,"comment_status":"","ping_status":"","sticky":false,"template":"","format":"standard","meta":{"footnotes":""},"categories":[1827],"tags":[772,29,36614,30,2183,11310,1268,1974,121],"class_list":{"0":"post-479929","1":"post","2":"type-post","3":"status-publish","4":"format-standard","5":"has-post-thumbnail","7":"category-muenchen","8":"tag-bayern","9":"tag-deutschland","10":"tag-domina","11":"tag-germany","12":"tag-mord","13":"tag-motiv","14":"tag-muenchen","15":"tag-panorama","16":"tag-polizei"},"share_on_mastodon":{"url":"https:\/\/pubeurope.com\/@de\/115332821058067241","error":""},"_links":{"self":[{"href":"https:\/\/www.europesays.com\/de\/wp-json\/wp\/v2\/posts\/479929","targetHints":{"allow":["GET"]}}],"collection":[{"href":"https:\/\/www.europesays.com\/de\/wp-json\/wp\/v2\/posts"}],"about":[{"href":"https:\/\/www.europesays.com\/de\/wp-json\/wp\/v2\/types\/post"}],"author":[{"embeddable":true,"href":"https:\/\/www.europesays.com\/de\/wp-json\/wp\/v2\/users\/2"}],"replies":[{"embeddable":true,"href":"https:\/\/www.europesays.com\/de\/wp-json\/wp\/v2\/comments?post=479929"}],"version-history":[{"count":0,"href":"https:\/\/www.europesays.com\/de\/wp-json\/wp\/v2\/posts\/479929\/revisions"}],"wp:featuredmedia":[{"embeddable":true,"href":"https:\/\/www.europesays.com\/de\/wp-json\/wp\/v2\/media\/477781"}],"wp:attachment":[{"href":"https:\/\/www.europesays.com\/de\/wp-json\/wp\/v2\/media?parent=479929"}],"wp:term":[{"taxonomy":"category","embeddable":true,"href":"https:\/\/www.europesays.com\/de\/wp-json\/wp\/v2\/categories?post=479929"},{"taxonomy":"post_tag","embeddable":true,"href":"https:\/\/www.europesays.com\/de\/wp-json\/wp\/v2\/tags?post=479929"}],"curies":[{"name":"wp","href":"https:\/\/api.w.org\/{rel}","templated":true}]}}