{"id":479930,"date":"2025-10-07T12:12:18","date_gmt":"2025-10-07T12:12:18","guid":{"rendered":"https:\/\/www.europesays.com\/de\/479930\/"},"modified":"2025-10-07T12:12:18","modified_gmt":"2025-10-07T12:12:18","slug":"polizei-mit-ermittlungserfolg-und-neuen-details","status":"publish","type":"post","link":"https:\/\/www.europesays.com\/de\/479930\/","title":{"rendered":"Polizei mit Ermittlungserfolg und neuen Details"},"content":{"rendered":"<ol class=\"id-DonaldBreadcrumb lp_west_breadcrumb id-DonaldBreadcrumb--default\" data-k5a-pos=\"west_breadcrumb\">\n<li class=\"id-Breadcrumb-item\"><a href=\"https:\/\/www.tz.de\/\" class=\"id-Breadcrumb-link\" data-id-ec=\"{\" shn=\"\" textlink=\"\" data-k5a-pos=\"1_tz\" rel=\"nofollow noopener\" target=\"_blank\">tz<\/a><\/li>\n<li class=\"id-Breadcrumb-item\"><a href=\"https:\/\/www.tz.de\/muenchen\/\" class=\"id-Breadcrumb-link\" data-id-ec=\"{\" shn=\"\" textlink=\"\" data-k5a-pos=\"2_muenchen\" rel=\"nofollow noopener\" target=\"_blank\">M\u00fcnchen<\/a><\/li>\n<li class=\"id-Breadcrumb-item\"><a href=\"https:\/\/www.tz.de\/muenchen\/stadt\/\" class=\"id-Breadcrumb-link\" data-id-ec=\"{\" shn=\"\" textlink=\"\" data-k5a-pos=\"3_stadt\" rel=\"nofollow noopener\" target=\"_blank\">Stadt<\/a><\/li>\n<\/ol>\n<p class=\"id-Story-timestamp id-Story-timestamp--default\">Stand: 07.10.2025, 13:37 Uhr<\/p>\n<p class=\"id-Story-authors id-Story-authors--default\">Von: <a class=\"id-Story-authors-link lp_west_author\" href=\"https:\/\/www.tz.de\/autor\/jonas-hoenle-os80pcx8w.html\" title=\"Zur Autorenseite von Jonas H&#xF6;nle\" data-id-ec=\"{\" shn=\"\" author-link=\"\" h=\"\" data-k5a-pos=\"west_author\" rel=\"nofollow noopener\" target=\"_blank\">Jonas H\u00f6nle<\/a><\/p>\n<p class=\"id-Story-interactionBar id-Story-interactionBar--default\">DruckenTeilen<\/p>\n<p><img decoding=\"async\" class=\"id-RatioPlaceholder-element wv_story_el_image\" src=\"https:\/\/www.europesays.com\/de\/wp-content\/uploads\/2025\/10\/39958249-festnahme-symbolbild-2z7a.jpg\" loading=\"eager\" fetchpriority=\"high\"   height=\"792\" width=\"1408\" alt=\"Festnahme Symbolbild\"\/>Nach Ermittlungen zu einem Mord in M\u00fcnchen hat die Polizei eine verd\u00e4chtige Frau festgenommen. (Symbolbild) \u00a9\u00a0Marcus Brandt\/dpa<\/p>\n<p class=\"id-StoryElement-leadText\">Ein zur\u00fcckgezogener Mann wurde in seinem Anwesen in M\u00fcnchen ermordet. Lange ermittelte die Polizei, nun gab es eine Festnahme und neue Details.<\/p>\n<p class=\"id-StoryElement-paragraph\">M\u00fcnchen \u2013 Eine M\u00fcnchnerin soll einen 62-j\u00e4hrigen Mann in dessen Haus in der Keyserlingstra\u00dfe in Obermenzing get\u00f6tet haben. Die 58-j\u00e4hrige Frau wurde am fr\u00fchen Dienstagmorgen, 7. Oktober, in ihrer Wohnung festgenommen. Sie steht unter dringendem Verdacht, den zur\u00fcckgezogen lebenden Mann durch massive stumpfe Gewalt gegen den Kopf get\u00f6tet zu haben.<\/p>\n<p>Festnahme einer Verd\u00e4chtigen nach Mord in M\u00fcnchen \u2013 Polizei meldet brisante Details<\/p>\n<p class=\"id-StoryElement-paragraph\">Der Get\u00f6tete wurde <a href=\"https:\/\/www.tz.de\/muenchen\/stadt\/mann-in-obermenzing-getoetet-polizei-sucht-zeugen-93835300.html\" class=\"id-import-Link\" data-id-ec=\"{&quot;sht&quot;:&quot;Container&quot;,&quot;shn&quot;:&quot;Story&quot;,&quot;p&quot;:{&quot;containerType&quot;:&quot;Paragraph&quot;,&quot;displayType&quot;:&quot;Paragraph InlineLink&quot;,&quot;type&quot;:&quot;INLINE_LINK&quot;,&quot;value&quot;:&quot;bereits am 7. Juli leblos in seinem Wohnanwesen aufgefunden&quot;,&quot;variant&quot;:&quot;standardLink&quot;,&quot;sponsored&quot;:false,&quot;linkHref&quot;:&quot;https:\/\/www.tz.de\/muenchen\/stadt\/mann-in-obermenzing-getoetet-polizei-sucht-zeugen-93835300.html&quot;,&quot;storyElementPosition&quot;:12,&quot;storyElementCount&quot;:19}}\" rel=\"nofollow noopener\" target=\"_blank\">bereits am 7. Juli leblos in seinem Wohnanwesen aufgefunden<\/a>. Die Polizei ermittelte daraufhin wegen eines T\u00f6tungsdelikts und richtete eine eigene Ermittlungsgruppe ein. Die <a href=\"https:\/\/www.tz.de\/muenchen\/stadt\/spur-mordfall-ulrich-zilker-in-muenchen-obermenzing-erste-93856177.html\" class=\"id-import-Link\" data-id-ec=\"{&quot;sht&quot;:&quot;Container&quot;,&quot;shn&quot;:&quot;Story&quot;,&quot;p&quot;:{&quot;containerType&quot;:&quot;Paragraph&quot;,&quot;displayType&quot;:&quot;Paragraph InlineLink&quot;,&quot;type&quot;:&quot;INLINE_LINK&quot;,&quot;value&quot;:&quot;umfangreichen Untersuchungen&quot;,&quot;variant&quot;:&quot;standardLink&quot;,&quot;sponsored&quot;:false,&quot;linkHref&quot;:&quot;https:\/\/www.tz.de\/muenchen\/stadt\/spur-mordfall-ulrich-zilker-in-muenchen-obermenzing-erste-93856177.html&quot;,&quot;storyElementPosition&quot;:12,&quot;storyElementCount&quot;:19}}\" rel=\"nofollow noopener\" target=\"_blank\">umfangreichen Untersuchungen<\/a> f\u00fchrten nun zur Festnahme der Verd\u00e4chtigen.<\/p>\n<p class=\"id-StoryElement-paragraph\">(Unser <a href=\"https:\/\/www.tz.de\/sso\/register?redirect_uri=https%3A%2F%2Faccounts.user.id%2Faccount%2Fnewsletter%2Fsubscribe%2FSKU-00000085&amp;source=mt_newsletter-textlink_web\" class=\"id-import-Link\" data-id-ec=\"{&quot;sht&quot;:&quot;Container&quot;,&quot;shn&quot;:&quot;Story&quot;,&quot;p&quot;:{&quot;containerType&quot;:&quot;Paragraph&quot;,&quot;displayType&quot;:&quot;Paragraph InlineLink&quot;,&quot;type&quot;:&quot;INLINE_LINK&quot;,&quot;value&quot;:&quot;M&#xFC;nchen-Newsletter&quot;,&quot;variant&quot;:&quot;standardLink&quot;,&quot;sponsored&quot;:false,&quot;linkHref&quot;:&quot;https:\/\/www.tz.de\/sso\/register?redirect_uri=https%3A%2F%2Faccounts.user.id%2Faccount%2Fnewsletter%2Fsubscribe%2FSKU-00000085&amp;source=mt_newsletter-textlink_web&quot;,&quot;storyElementPosition&quot;:14,&quot;storyElementCount&quot;:19}}\" rel=\"nofollow noopener\" target=\"_blank\">M\u00fcnchen-Newsletter<\/a> informiert Sie regelm\u00e4\u00dfig \u00fcber alle wichtigen Geschichten aus der Isar-Metropole. Melden Sie sich hier an. Jetzt nach einer kurzen Registrierung bei unserem Medien-Login USER.ID anmelden.)<\/p>\n<p class=\"id-StoryElement-paragraph\">Besonders brisant: Die Frau wurde vom Opfer als Alleinerbin eingesetzt. Beide kannten sich seit etwa 20 Jahren durch die T\u00e4tigkeit der Frau als Domina. Eine verwandtschaftliche Beziehung bestand nicht zwischen ihnen.<\/p>\n<p>Wo M\u00fcnchen ist wie Italien \u2013 in negativer Hinsicht: Acht erschreckende Beispiele<img decoding=\"async\" class=\"id-RatioPlaceholder-element wv_story_el_interstitialImage\" src=\"https:\/\/www.europesays.com\/de\/wp-content\/uploads\/2025\/07\/38641569-sehenswuerdigkeiten-in-muenchen-36fe.jpg\" loading=\"lazy\"   height=\"1350\" width=\"2400\" alt=\"Sehensw&#xFC;rdigkeiten in M&#xFC;nchen\"\/><a href=\"https:\/\/www.tz.de\/muenchen\/stadt\/erschreckende-beispiele-wo-muenchen-ist-wie-italien-in-negativer-hinsicht-acht-93799347.html\" class=\"id-StoryElement-intestitialLink-link\" data-id-ec=\"{\" shn=\"\" ansehen=\"\" data-k5a-pos=\"west_story_15_photoGalleryLink\" title=\"Zur Fotostrecke: Wo M&#xFC;nchen ist wie Italien &#x2013; in negativer Hinsicht: Acht erschreckende Beispiele\" rel=\"nofollow noopener\" target=\"_blank\">Fotostrecke ansehen<\/a>Haftbefehl gegen Alleinerbin des Get\u00f6teten \u2013 Sie arbeitete als Domina<\/p>\n<p class=\"id-StoryElement-paragraph\">Die Staatsanwaltschaft M\u00fcnchen I beantragte einen Haftbefehl wegen Mordes gegen die Frau, der vom Amtsgericht M\u00fcnchen erlassen wurde. Die Festnahme verlief ohne Widerstand. Die Verd\u00e4chtige wird nun dem Ermittlungsrichter vorgef\u00fchrt, der \u00fcber die weitere Inhaftierung entscheiden wird. (Quelle: Polizei M\u00fcnchen)<\/p>\n","protected":false},"excerpt":{"rendered":"tz M\u00fcnchen Stadt Stand: 07.10.2025, 13:37 Uhr Von: Jonas H\u00f6nle DruckenTeilen Nach Ermittlungen zu einem Mord in M\u00fcnchen&hellip;\n","protected":false},"author":2,"featured_media":479931,"comment_status":"","ping_status":"","sticky":false,"template":"","format":"standard","meta":{"footnotes":""},"categories":[1827],"tags":[772,29,30,1268],"class_list":{"0":"post-479930","1":"post","2":"type-post","3":"status-publish","4":"format-standard","5":"has-post-thumbnail","7":"category-muenchen","8":"tag-bayern","9":"tag-deutschland","10":"tag-germany","11":"tag-muenchen"},"share_on_mastodon":{"url":"https:\/\/pubeurope.com\/@de\/115332824895846166","error":""},"_links":{"self":[{"href":"https:\/\/www.europesays.com\/de\/wp-json\/wp\/v2\/posts\/479930","targetHints":{"allow":["GET"]}}],"collection":[{"href":"https:\/\/www.europesays.com\/de\/wp-json\/wp\/v2\/posts"}],"about":[{"href":"https:\/\/www.europesays.com\/de\/wp-json\/wp\/v2\/types\/post"}],"author":[{"embeddable":true,"href":"https:\/\/www.europesays.com\/de\/wp-json\/wp\/v2\/users\/2"}],"replies":[{"embeddable":true,"href":"https:\/\/www.europesays.com\/de\/wp-json\/wp\/v2\/comments?post=479930"}],"version-history":[{"count":0,"href":"https:\/\/www.europesays.com\/de\/wp-json\/wp\/v2\/posts\/479930\/revisions"}],"wp:featuredmedia":[{"embeddable":true,"href":"https:\/\/www.europesays.com\/de\/wp-json\/wp\/v2\/media\/479931"}],"wp:attachment":[{"href":"https:\/\/www.europesays.com\/de\/wp-json\/wp\/v2\/media?parent=479930"}],"wp:term":[{"taxonomy":"category","embeddable":true,"href":"https:\/\/www.europesays.com\/de\/wp-json\/wp\/v2\/categories?post=479930"},{"taxonomy":"post_tag","embeddable":true,"href":"https:\/\/www.europesays.com\/de\/wp-json\/wp\/v2\/tags?post=479930"}],"curies":[{"name":"wp","href":"https:\/\/api.w.org\/{rel}","templated":true}]}}