{"id":479936,"date":"2025-10-07T12:15:14","date_gmt":"2025-10-07T12:15:14","guid":{"rendered":"https:\/\/www.europesays.com\/de\/479936\/"},"modified":"2025-10-07T12:15:14","modified_gmt":"2025-10-07T12:15:14","slug":"berlin-brandenburg-serie-von-metall-diebstaehlen-35-jaehriger-vor-gericht","status":"publish","type":"post","link":"https:\/\/www.europesays.com\/de\/479936\/","title":{"rendered":"Berlin &#038; Brandenburg: Serie von Metall-Diebst\u00e4hlen: 35-J\u00e4hriger vor Gericht"},"content":{"rendered":"<p>                    Berlin &amp; Brandenburg<br \/>\n                Serie von Metall-Diebst\u00e4hlen: 35-J\u00e4hriger vor Gericht<\/p>\n<p>\t\t\t\t              07.10.2025, 14:10 Uhr<\/p>\n<p><strong>L\u00f6schwasser-Steigleitungen im Visier von Buntmetall-Dieben: \u00dcber Monate hinweg wurden Teile solcher Anlagen an Wohnh\u00e4usern und B\u00fcrogeb\u00e4uden demontiert. Auch ein Jobcenter war betroffen.<\/strong><\/p>\n<p>Berlin (dpa\/bb) &#8211; Ein mutma\u00dflicher Seriendieb, der es laut Anklage vor allem auf L\u00f6schwasser-Steigleitungen abgesehen hatte, steht vor dem Amtsgericht Tiergarten. Der 35-J\u00e4hrige soll mit Komplizen in 47 F\u00e4llen Teile solcher Anlagen von Geb\u00e4uden entwendet haben. Der Schaden betr\u00e4gt laut Staatsanwaltschaft \u00fcber 65.000 Euro. Ob sich der Mann zu den Vorw\u00fcrfen \u00e4u\u00dfern wird, blieb zu Prozessbeginn zun\u00e4chst offen.<\/p>\n<p>Die Serie begann laut Ermittlungen im Februar 2024. Der 35-J\u00e4hrige und drei weitere M\u00e4nner h\u00e4tten bis Januar dieses Jahres immer wieder L\u00f6schwasservorrichtungen von Wohnh\u00e4usern und \u00f6ffentlichen Geb\u00e4uden gestohlen, um das Buntmetall zu verkaufen. &#8222;Dabei war ihnen bewusst, dass sie dadurch die Vorrichtungen f\u00fcr L\u00f6schma\u00dfnahmen der Feuerwehr bei Br\u00e4nden entfernten&#8220;, hei\u00dft es in der Anklage.<\/p>\n<p>Lebensgefahr durch besch\u00e4digtes Gasrohr<\/p>\n<p>Zu Taten sei es \u00fcberwiegend in Marzahn und Lichtenberg gekommen. Auch das Jobcenter Marzahn-Hellersdorf sei betroffen gewesen. Der Angeklagte und die Mitt\u00e4ter h\u00e4tten durch den Weiterverkauft des Diebesguts ihren Lebensunterhalt bestritten, so die Anklage.\u00a0<\/p>\n<p>Dem 35-J\u00e4hrige wird zudem ein Einbruch in ein Einfamilienhaus in Berlin-Biesdorf zur Last gelegt. Es seien unter anderem dort verbaute Wasserrohre entwendet worden. Dabei sei ein Gasrohr besch\u00e4digt worden. &#8222;Aus dem verursachten Loch trat Erdgas aus&#8220;, hei\u00dft es in der Anklage. F\u00fcr die Bewohner der umliegenden H\u00e4user habe Lebensgefahr bestanden.<\/p>\n<p>Die Anklage lautet unter anderem auf Diebstahl, Wohnungseinbruchsdiebstahl und versuchtes Herbeif\u00fchren einer Sprengstoffexplosion. Der Angeklagte befindet sich seit knapp sechs Monaten in Untersuchungshaft. Der Prozess wird am 16. Oktober fortgesetzt.<\/p>\n","protected":false},"excerpt":{"rendered":"Berlin &amp; Brandenburg Serie von Metall-Diebst\u00e4hlen: 35-J\u00e4hriger vor Gericht 07.10.2025, 14:10 Uhr L\u00f6schwasser-Steigleitungen im Visier von Buntmetall-Dieben: \u00dcber&hellip;\n","protected":false},"author":2,"featured_media":479937,"comment_status":"","ping_status":"","sticky":false,"template":"","format":"standard","meta":{"footnotes":""},"categories":[1816],"tags":[1960,1958,1959,1957,296,1956,1890,29,2690,30,121377,1806],"class_list":{"0":"post-479936","1":"post","2":"type-post","3":"status-publish","4":"format-standard","5":"has-post-thumbnail","7":"category-brandenburg","8":"tag-aktuelle-nachrichten-aus-berlin-und-brandenburg","9":"tag-aktuelle-nachrichten-aus-brandenburg","10":"tag-aktuelle-news-aus-berlin-und-brandenburg","11":"tag-aktuelle-news-aus-brandenburg","12":"tag-berlin","13":"tag-berlin-und-brandenburg","14":"tag-brandenburg","15":"tag-deutschland","16":"tag-gericht","17":"tag-germany","18":"tag-metall-diebstaehlen","19":"tag-serie"},"share_on_mastodon":{"url":"https:\/\/pubeurope.com\/@de\/115332836994882488","error":""},"_links":{"self":[{"href":"https:\/\/www.europesays.com\/de\/wp-json\/wp\/v2\/posts\/479936","targetHints":{"allow":["GET"]}}],"collection":[{"href":"https:\/\/www.europesays.com\/de\/wp-json\/wp\/v2\/posts"}],"about":[{"href":"https:\/\/www.europesays.com\/de\/wp-json\/wp\/v2\/types\/post"}],"author":[{"embeddable":true,"href":"https:\/\/www.europesays.com\/de\/wp-json\/wp\/v2\/users\/2"}],"replies":[{"embeddable":true,"href":"https:\/\/www.europesays.com\/de\/wp-json\/wp\/v2\/comments?post=479936"}],"version-history":[{"count":0,"href":"https:\/\/www.europesays.com\/de\/wp-json\/wp\/v2\/posts\/479936\/revisions"}],"wp:featuredmedia":[{"embeddable":true,"href":"https:\/\/www.europesays.com\/de\/wp-json\/wp\/v2\/media\/479937"}],"wp:attachment":[{"href":"https:\/\/www.europesays.com\/de\/wp-json\/wp\/v2\/media?parent=479936"}],"wp:term":[{"taxonomy":"category","embeddable":true,"href":"https:\/\/www.europesays.com\/de\/wp-json\/wp\/v2\/categories?post=479936"},{"taxonomy":"post_tag","embeddable":true,"href":"https:\/\/www.europesays.com\/de\/wp-json\/wp\/v2\/tags?post=479936"}],"curies":[{"name":"wp","href":"https:\/\/api.w.org\/{rel}","templated":true}]}}