{"id":479944,"date":"2025-10-07T12:19:11","date_gmt":"2025-10-07T12:19:11","guid":{"rendered":"https:\/\/www.europesays.com\/de\/479944\/"},"modified":"2025-10-07T12:19:11","modified_gmt":"2025-10-07T12:19:11","slug":"polizei-verbietet-israel-hass-demo-auf-alexanderplatz","status":"publish","type":"post","link":"https:\/\/www.europesays.com\/de\/479944\/","title":{"rendered":"Polizei verbietet Israel-Hass-Demo auf Alexanderplatz"},"content":{"rendered":"<p class=\"tspBPlp tspBPlq\">Die Versammlungsbeh\u00f6rde bei der Polizei Berlin hat am Dienstag eine antiisraelische Demonstration auf dem Alexanderplatz wenige Stunden vor Beginn verboten. Das erfuhr der Tagesspiegel aus Sicherheitskreisen. Zur Kundgebung waren mit <a href=\"https:\/\/www.tagesspiegel.de\/berlin\/demo-aufruf-zum-7-oktober-terror-lob-und-israelhass--polizei-berlin-ermittelt-14489759.html?icid=in-text-link_14497439\" class=\"link link--internal\" data-gtm-class=\"article-text-link\" data-gtm-val=\"internal\" target=\"_blank\" rel=\"noopener\">Verharmlosung des Hamas-Terrors<\/a> und Rechtfertigung des Massakers in Israel am 7. Oktober 2023 mobilisiert worden.<\/p>\n<p class=\"tspBPlp\">Am 7. Oktober wird der vor zwei Jahren von der Islamisten-Hamas in Israel ermordeten und nach Gaza verschleppten Menschen gedacht. Doch mitten in der Bundeshauptstadt wollten an diesem Tag auch Israelhasser demonstrieren, die den Hamas-Terror glorifizieren. F\u00fcr 18 Uhr war die Kundgebung auf dem Alexanderplatz angemeldet. &#13;<\/p>\n<p class=\"tspBPlp\">In den sozialen Medien war mit dem Spruch \u201eBis zur vollst\u00e4ndigen Befreiung\u201c geworben worden. Verbreitet wurde der Aufruf von verschiedenen propal\u00e4stinensischen und angeblich antikolonialen Studierendengruppen Berliner Hochschulen.&#13;<\/p>\n<p class=\"tspBPlp\">Abgebildet sind auf dem Aufruf M\u00e4nner, die ihr Gesicht mit einem Pal\u00e4stinensertuch vermummen, im Hintergrund ein Paragleiter \u2013 ein Symbol f\u00fcr das barbarische Vorgehen der Hamas. Auch mit solchen Flugger\u00e4ten war die klerikalfaschistische Terrororganisation am 7. Oktober 2023 f\u00fcr ihr Massaker nach Israel eingedrungen.&#13;<\/p>\n<p><img decoding=\"async\" src=\"https:\/\/www.europesays.com\/de\/wp-content\/uploads\/2025\/10\/1759839551_973_img-8876.jpeg\"   alt=\"\" aria-labelledby=\"caption-14489621\" width=\"440\" height=\"330\" loading=\"lazy\" class=\"tspBJlh\"\/> Demo-Aufruf <\/p>\n<p class=\"tspA2ju\"> \u00a9 screenshot Instagram <\/p>\n<p class=\"tspBPlp\">Die Polizei hat wegen des Aufrufs und nach R\u00fccksprache mit der Staatsanwaltschaft bereits am Montag Ermittlungen eingeleitet. Es bestehe der Verdacht auf Billigung von Straftaten, sagte ein Sprecher. &#13;<\/p>\n<p class=\"tspBPlp\">Im Demo-Aufruf wird das Massaker der Hamas \u201eals heldenhafter Ausbruch\u201c und \u201eLeuchtfeuer der revolution\u00e4ren Hoffnung\u201c gerechtfertigt. \u201eWir entschuldigen uns nicht f\u00fcr ihren Widerstand\u201c, hei\u00dft es im Ausruf. Der Widerstand sei ihr Versprechen. \u201eLasst uns am 7. Oktober die Stra\u00dfen Berlins fluten.\u201c&#13;<\/p>\n<p class=\"tspBPlp\">Bereits zuvor ging die Polizei am Dienstag gegen Hamas-Sympathisanten vor. Nachdem eine gr\u00f6\u00dfere Personengruppe am Dienstagmorgen bei einer Blockade der Kreuzung Warschauer Stra\u00dfe\/Ecke M\u00fchlenstra\u00dfe die Opfer des Hamas-Angriffs verh\u00f6hnt hat, untersagte die Polizei 17 Personen eine Teilnahme an allen Versammlung im Land Berlin am Dienstag. Dabei ging es auch um die Parole \u201eGlory to the fighters\u201c.<\/p>\n<p class=\"tspBPlp\">Zehn dieser Personen befinden sich derzeit in Polizeigewahrsam. \u201eSie werden einem Richter vorgef\u00fchrt\u201c, sagte Polizeisprecher Florian Nath dem Tagesspiegel. Die Polizei beantragte Gewahrsam f\u00fcr den restlichen Tag.<\/p>\n<p class=\"tspBPlp\">Das Teilnahmeverbot an allen Versammlungen am 7. Oktober gilt f\u00fcr sie bis Mitternacht. Begr\u00fcndet wird es mit einer unmittelbaren Gefahr, die von den Personen ausgeht. Nach einer Prognose der Polizei sei damit zu rechnen, dass sie weitere Straftaten begehen werden, sagte Nath. Die Personen waren bereits vor der Aktion am Dienstag polizeibekannt.<\/p>\n<p class=\"tspBPlp\">Insgesamt hatten 37 Personen die Kreuzung Warschauer Stra\u00dfe\/Ecke M\u00fchlenstra\u00dfe blockiert. Mehrere Personen skandierten die Parole \u201eFrom the river to the sea \u2013 Palestine will be free\u201c, die strafbar sein kann. Sie sollen auch Banner hochgehalten und Pyrotechnik gez\u00fcndet haben. <\/p>\n<p class=\"tspBPlp\">Auf einem etwa 15 Meter langen Banner war laut Polizei zu lesen: \u201eGlory to the the fighters\u201c. Wegen des Plakats werde gegen den unbekannten Besitzer ermittelt, sagte Nath. Es bestehe der Verdacht der Billigung von Straftaten.<\/p>\n","protected":false},"excerpt":{"rendered":"Die Versammlungsbeh\u00f6rde bei der Polizei Berlin hat am Dienstag eine antiisraelische Demonstration auf dem Alexanderplatz wenige Stunden vor&hellip;\n","protected":false},"author":2,"featured_media":479945,"comment_status":"","ping_status":"","sticky":false,"template":"","format":"standard","meta":{"footnotes":""},"categories":[1825],"tags":[9006,296,29,738,30,410,3295,411],"class_list":{"0":"post-479944","1":"post","2":"type-post","3":"status-publish","4":"format-standard","5":"has-post-thumbnail","7":"category-berlin","8":"tag-alexanderplatz","9":"tag-berlin","10":"tag-deutschland","11":"tag-gazastreifen","12":"tag-germany","13":"tag-hamas","14":"tag-hochschulen","15":"tag-israel"},"share_on_mastodon":{"url":"https:\/\/pubeurope.com\/@de\/115332852620286483","error":""},"_links":{"self":[{"href":"https:\/\/www.europesays.com\/de\/wp-json\/wp\/v2\/posts\/479944","targetHints":{"allow":["GET"]}}],"collection":[{"href":"https:\/\/www.europesays.com\/de\/wp-json\/wp\/v2\/posts"}],"about":[{"href":"https:\/\/www.europesays.com\/de\/wp-json\/wp\/v2\/types\/post"}],"author":[{"embeddable":true,"href":"https:\/\/www.europesays.com\/de\/wp-json\/wp\/v2\/users\/2"}],"replies":[{"embeddable":true,"href":"https:\/\/www.europesays.com\/de\/wp-json\/wp\/v2\/comments?post=479944"}],"version-history":[{"count":0,"href":"https:\/\/www.europesays.com\/de\/wp-json\/wp\/v2\/posts\/479944\/revisions"}],"wp:featuredmedia":[{"embeddable":true,"href":"https:\/\/www.europesays.com\/de\/wp-json\/wp\/v2\/media\/479945"}],"wp:attachment":[{"href":"https:\/\/www.europesays.com\/de\/wp-json\/wp\/v2\/media?parent=479944"}],"wp:term":[{"taxonomy":"category","embeddable":true,"href":"https:\/\/www.europesays.com\/de\/wp-json\/wp\/v2\/categories?post=479944"},{"taxonomy":"post_tag","embeddable":true,"href":"https:\/\/www.europesays.com\/de\/wp-json\/wp\/v2\/tags?post=479944"}],"curies":[{"name":"wp","href":"https:\/\/api.w.org\/{rel}","templated":true}]}}