{"id":479948,"date":"2025-10-07T12:21:13","date_gmt":"2025-10-07T12:21:13","guid":{"rendered":"https:\/\/www.europesays.com\/de\/479948\/"},"modified":"2025-10-07T12:21:13","modified_gmt":"2025-10-07T12:21:13","slug":"margot-robbie-nicole-kidman-co-feiern-fulminantes-ende-der-paris-fashion-week","status":"publish","type":"post","link":"https:\/\/www.europesays.com\/de\/479948\/","title":{"rendered":"Margot Robbie, Nicole Kidman + Co. feiern fulminantes Ende der Paris Fashion Week"},"content":{"rendered":"<p>Paris Fashion Week<br \/>\nDie sch\u00f6nsten Bilder der Modewoche<\/p>\n<p>\nWenn Paris ruft, antwortet die Modewelt. Vom 29. September bis zum 7. Oktober 2025 wird die franz\u00f6sische Hauptstadt zum Schauplatz spektakul\u00e4rer Runway-Shows, glamour\u00f6ser Front Rows und inspirierender Streetstyles. GALA zeigt die sch\u00f6nsten Momente der Modewoche. <\/p>\n<p>Vorheriges Bild<br \/>\nN\u00e4chstes Bild<\/p>\n<p><img class=\"image group-gallery__img\"   src=\"https:\/\/www.europesays.com\/de\/wp-content\/uploads\/2025\/10\/chanel-01.jpg\" alt=\"Margot Robbie bei Chanel auf der Pariser Fashion Week: lange Hose, offene Jacke und BH.\" decoding=\"async\" fetchpriority=\"high\" loading=\"eager\"\/><br \/>\n<a href=\"https:\/\/image.gala.de\/24465468\/t\/Xg\/v5\/w2048\/r0.6667\/-\/chanel-01.jpg#Stephane%20Cardinale%20-%20Corbis%20%2F%20Getty%20Images\" class=\"image__magnifier\" aria-label=\"Vergr\u00f6\u00dfern\" rel=\"nofollow noopener\" target=\"_blank\"><\/p>\n<p> <a href=\"https:\/\/www.gala.de\/stars\/starportraets\/margot-robbie-21967000.html\" data-article-type=\"star-portrait\" rel=\"nofollow noopener\" target=\"_blank\">Margot Robbie<\/a> begeistert am 6. Oktober 2025 bei der Pariser Fashion Week in Chanel. Ihr Outfit ist eine Z\u00e4sur f\u00fcr das Modelabel, denn es zeigt, mit Modedesigner Matthieu Blazy weht ein neuer Wind in dem Traditionshaus. Mehr<\/p>\n<p>#Themen<\/p>\n","protected":false},"excerpt":{"rendered":"Paris Fashion Week Die sch\u00f6nsten Bilder der Modewoche Wenn Paris ruft, antwortet die Modewelt. Vom 29. September bis&hellip;\n","protected":false},"author":2,"featured_media":479949,"comment_status":"","ping_status":"","sticky":false,"template":"","format":"standard","meta":{"footnotes":""},"categories":[1776],"tags":[1801,29,214,30,1802,215],"class_list":{"0":"post-479948","1":"post","2":"type-post","3":"status-publish","4":"format-standard","5":"has-post-thumbnail","7":"category-prominente","8":"tag-celebrities","9":"tag-deutschland","10":"tag-entertainment","11":"tag-germany","12":"tag-prominente","13":"tag-unterhaltung"},"share_on_mastodon":{"url":"https:\/\/pubeurope.com\/@de\/115332860474110585","error":""},"_links":{"self":[{"href":"https:\/\/www.europesays.com\/de\/wp-json\/wp\/v2\/posts\/479948","targetHints":{"allow":["GET"]}}],"collection":[{"href":"https:\/\/www.europesays.com\/de\/wp-json\/wp\/v2\/posts"}],"about":[{"href":"https:\/\/www.europesays.com\/de\/wp-json\/wp\/v2\/types\/post"}],"author":[{"embeddable":true,"href":"https:\/\/www.europesays.com\/de\/wp-json\/wp\/v2\/users\/2"}],"replies":[{"embeddable":true,"href":"https:\/\/www.europesays.com\/de\/wp-json\/wp\/v2\/comments?post=479948"}],"version-history":[{"count":0,"href":"https:\/\/www.europesays.com\/de\/wp-json\/wp\/v2\/posts\/479948\/revisions"}],"wp:featuredmedia":[{"embeddable":true,"href":"https:\/\/www.europesays.com\/de\/wp-json\/wp\/v2\/media\/479949"}],"wp:attachment":[{"href":"https:\/\/www.europesays.com\/de\/wp-json\/wp\/v2\/media?parent=479948"}],"wp:term":[{"taxonomy":"category","embeddable":true,"href":"https:\/\/www.europesays.com\/de\/wp-json\/wp\/v2\/categories?post=479948"},{"taxonomy":"post_tag","embeddable":true,"href":"https:\/\/www.europesays.com\/de\/wp-json\/wp\/v2\/tags?post=479948"}],"curies":[{"name":"wp","href":"https:\/\/api.w.org\/{rel}","templated":true}]}}