{"id":479952,"date":"2025-10-07T12:24:18","date_gmt":"2025-10-07T12:24:18","guid":{"rendered":"https:\/\/www.europesays.com\/de\/479952\/"},"modified":"2025-10-07T12:24:18","modified_gmt":"2025-10-07T12:24:18","slug":"pro-kommentar-zu-35-jahre-deutsche-einheit-ost-und-west-bleibt-auch-fuer-neue-generationen-ein-thema","status":"publish","type":"post","link":"https:\/\/www.europesays.com\/de\/479952\/","title":{"rendered":"Pro-Kommentar zu 35 Jahre Deutsche Einheit: Ost und West bleibt auch f\u00fcr neue Generationen ein Thema"},"content":{"rendered":"<p>\tPro-Kommentar zu 35 Jahre Deutsche Einheit<br \/>\n\t &#8211; <\/p>\n<p>\t\tOst und West bleibt auch f\u00fcr neue Generationen ein Thema<\/p>\n<p>\n        Fr 03.10.25 | 13:57 Uhr  | Von Johannes Nichelmann\n    <\/p>\n<p>    <a href=\"#top-of-comments\"\/><\/p>\n<p><img decoding=\"async\" src=\"https:\/\/www.europesays.com\/de\/wp-content\/uploads\/2025\/10\/1759839857_741_size=708x398.jpg\" alt=\"Symbolbild: Touristen besuchen am 24.06.2014 in Berlin Mauerreste die Gedenkst\u00e4tte an der Bernauer Stra\u00dfe. (Quelle: dpa\/Gambarini)\" title=\"Symbolbild: Touristen besuchen am 24.06.2014 in Berlin Mauerreste die Gedenkst\u00e4tte an der Bernauer Stra\u00dfe. (Quelle: dpa\/Gambarini)\" id=\"254988317\"\/><\/p>\n<p>dpa\/Gambarini<\/p>\n<p>Audio: rbb24 Inforadio | 02.10.2025 | Johannes Nichelmann | Bild: dpa\/Gambarini <\/p>\n<p>Die Deutsche Einheit j\u00e4hrt sich 2025 zum 35. Mal. \u00dcber den Feiertag freuen sich viele. Aber sollten wir weiter auf Unterschiede zwischen Ost und West schauen? Johannes Nichelmann sagt: Ja, unbedingt.<\/p>\n<p>\t\t\t\t\t<a name=\"articlesContList\/text_0\"\/><\/p>\n<p>Im vergangenen Jahr habe ich mich mit Jugendlichen in Bernau unterhalten, die sich an ihrer Simson Schwalbe, dem typischen DDR-Moped, festgehalten und fast schon sehns\u00fcchtig von der guten alten DDR erz\u00e4hlt haben.<\/p>\n<p>Da gab es keine Arbeitslosigkeit, sagte der eine, da herrschte noch Recht und Ordnung. &#8222;Da ging es Mutti und Vati noch richtig gut&#8220;, sagte der andere. Alle nickten. Keine Sorgen, keine N\u00f6te. Einfach nur sch\u00f6n.<\/p>\n<p>Es wirkte wie der Versuch einer Abgrenzung zur komplizierten und bedrohlichen Welt heute. Die Schwalbe, ein Geschenk des Urgro\u00dfvaters, als eine Art Zeitmaschine.<\/p>\n<p>\t\t\t\t\t<a name=\"articlesContList\/teaserbox\"\/><\/p>\n<p>\t\t\t\t\tZur Person<\/p>\n<p><img decoding=\"async\" src=\"https:\/\/www.europesays.com\/de\/wp-content\/uploads\/2025\/10\/1759839858_174_size=320x180.jpg\" alt=\"Portr\u00e4taufnahme des Autors Johannes Nichelmann (Quelle: Ullstein Verlag\/Niklas Vogt)\" title=\"Portr\u00e4taufnahme des Autors Johannes Nichelmann (Quelle: Ullstein Verlag\/Niklas Vogt)\" id=\"articlesContList_teaserbox_teaserList_manualteaser_55411867\"\/><\/p>\n<p>Ullstein Verlag\/Niklas Vogt<\/p>\n<p><b>Johannes Nichelmann<\/b> wurde 1989 in Ostberlin geboren. Er arbeitet als freier Moderator und Autor f\u00fcr den \u00f6ffentlich-rechtlichen Rundfunk, u.a. rbb und Deutschlandfunk.<\/p>\n<p>2019 ver\u00f6ffentlichte er das Buch &#8222;Nachwendekinder &#8211; Die DDR, unsere Eltern und das gro\u00dfe Schweigen&#8220;, in dem er schildert, wie auch Nachwendekinder noch durch die DDR gepr\u00e4gt sind.<\/p>\n<p>\t\t\t\t\t<a name=\"articlesContList\/text_415534010\"\/><br \/>\n\t\t\t\t\tIdentifikation mit ostdeutscher Vergangenheit<\/p>\n<p>Diese Jungs waren gerade einmal vollj\u00e4hrig. Sie sind Mitte der Nullerjahre geboren. Und trotzdem identifizieren sie sich mit einer ostdeutschen Vergangenheit, die sich aus Erz\u00e4hlungen geformt haben muss. Erz\u00e4hlungen aus ihren Familien und dem Freundeskreis. Auch als Gegenentwurf zu dem, was in den Medien und von der Politik \u00fcber den Osten lange zu h\u00f6ren war: abgeh\u00e4ngt und nicht in der Bundesrepublik angekommen.<\/p>\n<p>Was sie n\u00e4mlich nicht geh\u00f6rt haben, ist Anerkennung f\u00fcr die Lebensleistungen ihrer Eltern und Gro\u00dfeltern. Auch nicht f\u00fcr die enorme Anpassungsf\u00e4higkeit, die die meisten Ostdeutschen in der Nachwendezeit bewiesen haben.<\/p>\n<p>Ostdeutsche Realit\u00e4ten sind lange kaum im Diskurs vorgekommen und wenn, dann waren sie vor allem problematisch. Alle rechtsextrem, arm und dann sprechen sie allesamt auch noch s\u00e4chsisch.<\/p>\n<p>\t\t\t\t\t<a name=\"articlesContList\/text_1126860294\"\/><br \/>\n\t\t\t\t\tUnterschiede bis heute<\/p>\n<p>Es sind bis heute die kleinen Nadelstiche, die viele Menschen einfach sp\u00fcren. Im Juli 2025 sprach die Bundesministerin Dorothee B\u00e4r (CSU), zust\u00e4ndig f\u00fcr Raumfahrt, im Bundestag vom ersten Deutschen im All: Ulf Merbold im Jahr 1983. Was sie sicher bewusst ausgelassen hat: DDR-Kosmonaut Sigmund J\u00e4hn flog bereits f\u00fcnf Jahre vorher in den Weltraum. Das hat die CSU-Politikerin aberkannt.<\/p>\n<p>Auch 35 Jahre nach der Wiedervereinigung ist wahrzunehmen: Wir sind noch immer Ossi und Wessi. Nat\u00fcrlich gibt es die Gefahr, Menschen auf Ost\/West zu reduzieren, aber bis heute sind die Unterschiede bei den L\u00f6hnen und Geh\u00e4ltern, den Renten und der Machtverteilung nicht zu \u00fcbersehen. Das zeigen auch die Wahlergebnisse.<\/p>\n<p>Es ist wichtig, sich klar zu machen, dass es hierbei nicht nur um individuelle Schicksale von Menschen geht, sondern um Strukturen.<\/p>\n<p>\t\t\t\t\t<a name=\"articlesContList\/teaserbox_95864538\"\/><\/p>\n<blockquote>\n<p class=\"manualteasershortteaser\">Es ist naiv zu glauben: gleiches Land, gleiche Probleme, gleiche Probleml\u00f6sungen &#8211; ganz egal, ob aus Brandenburg oder Niedersachsen. Die Erfahrungen sind einfach anders.<\/p>\n<\/blockquote>\n<p>Johannes Nichelmann, Autor und Nachwendekind<\/p>\n<p>\t\t\t\t\t<a name=\"articlesContList\/text\"\/><br \/>\n\t\t\t\t\tNeue Erfahrungen kommen hinzu<\/p>\n<p>Gef\u00e4hrlich ist es, den Einfluss einer Gesellschaftsordnung kleinzureden, die 40 Jahre lang das Denken und Handeln gepr\u00e4gt hat \u2013 und deren Generationen zum Teil bis heute mitten im Leben stehen. Und: Zu denken, dass nicht auch die Nachgeborenen von den Auswirkungen der DDR und der Nachwendezeit beeinflusst sind, zeugt von Desinteresse.<\/p>\n<p>Hinzu kommt: Ostdeutsch-sein ist kein statischer, seit 1990 eingefrorener, ewiggestriger Zustand. Es kommen f\u00fcr alle immer wieder neue Erfahrungen hinzu, die mit denen aus der j\u00fcngeren und \u00e4lteren Vergangenheit abgeglichen und vermischt werden. Erfahrungen, die nun mal anders sind, als die vieler Westdeutscher.<\/p>\n<p>\t\t\t\t\t<a name=\"articlesContList\/teaserbox_1586290856\"\/><\/p>\n<p>\t\t\t\t\t<a name=\"articlesContList\/text_156585502\"\/><br \/>\n\t\t\t\t\tGemeinsamkeiten nicht ausschlie\u00dfen<\/p>\n<p>Die Forderung, man soll aufh\u00f6ren, die Unterschiede zu benennen, ist ungef\u00e4hr so sinnvoll, wie vor der &#8222;Tagesschau&#8220; die Augen zu schlie\u00dfen und sich die unliebsamen Nachrichten einfach weg zu w\u00fcnschen. Schlimmer noch, es ist die Aufforderung an alle Leute im Osten: &#8222;Vergesst, wo Ihr hergekommen seid, was Euch und Eure Familien gepr\u00e4gt hat.&#8220;<\/p>\n<p>Es ist naiv zu glauben: gleiches Land, gleiche Probleme, gleiche Probleml\u00f6sungen &#8211; ganz egal, ob aus Brandenburg oder Niedersachsen. Die Erfahrungen sind einfach anders.<\/p>\n<p>Aber ist das nicht auch gut, wenn sich eine Gesellschaft bewusst macht, dass sie \u00fcber verschiedene Perspektiven verf\u00fcgt? Wir k\u00f6nnen davon profitieren, wenn wir uns bewusst machen, dass es ost- und westdeutsche Erfahrungen, Haltungen und Lebensweisen gibt. Das schlie\u00dft die vielen Gemeinsamkeiten, die ja auch vorhanden sind, nat\u00fcrlich nicht aus.<\/p>\n<p>Es bedeutet aber, dass alle gesehen werden. Und dann ist auch die Chance geringer, dass sich Jugendliche, wie die Jungs, die ich in Bernau getroffen habe, gedanklich in einer Art Fantasie-DDR einrichten, in der immer Sommer ist und die Simson Schwalbe \u00fcber die Landstra\u00dfen summt.<\/p>\n<p>\t\t\t\t\t<a name=\"articlesContList\/text_1577097168\"\/><\/p>\n<p><a href=\"https:\/\/www.rbb24.de\/politik\/beitrag\/2025\/10\/35-jahre-deutsche-einheit-ost-west-contra-kommentar.html\" rel=\"nofollow noopener\" target=\"_blank\">Zur Gegenrede, einem Contra-Kommentar von Doris Anselm, gelangen Sie hier.<\/a><\/p>\n<p>\t\t\t\t\t<a name=\"articlesContList\/teaserbox_1343468556\"\/><\/p>\n<p>\t\t\t\t\tHinweise<\/p>\n<p><b>&#8222;35 Jahre Deutsche Einheit \u2013 wen juckt\u2019s?&#8220;<\/b>: Das fragen auch ARD-Reporterinnen und Reporter des Formats &#8222;Bundesvibe&#8220;. Sie sind mit jungen Menschen an verschiedenen Orten in Deutschland ins Gespr\u00e4ch gekommen. Das Ergebnis ist in der <a href=\"https:\/\/1.ard.de\/bundesvibe-deutsche-einheit\" target=\"_blank\" rel=\"nofollow noopener\">ARD Mediathek<\/a> zu sehen.<\/p>\n<p>Au\u00dferdem k\u00f6nnen Sie mitdiskutieren \u2013 am Freitagabend um 20:15 Uhr auf dem <a href=\"https:\/\/www.twitch.tv\/ard\" target=\"_blank\" rel=\"nofollow noopener\">ARD-Twitch-Kanal<\/a> in Kooperation mit Bundesvibe, &#8222;Politik &amp; wir&#8220; (rbb) und &#8222;Mixtalk&#8220; (SWR): Auch 35 Jahre nach der Deutschen Einheit bleibt die Frage, ob sich Menschen weiterhin als westdeutsch oder ostdeutsch empfinden. Inwiefern beeinflusst die Herkunft die individuellen Chancen im Leben? Und ist Rechtsextremismus \u2013 wie h\u00e4ufig dargestellt \u2013 vor allem ein Problem im Osten? Moderiert wird die Sendung von Florian Prokop, geboren in Brandenburg, und Katharina R\u00f6ben, geboren in Niedersachsen.<\/p>\n<p><b>rbb|24 \u00fcbertr\u00e4gt den Twitch-Talk ab 20:15 Uhr im Livestream.<\/b><\/p>\n<p>\t\t<a href=\"https:\/\/www.rbb24.de\/politik\/hintergrund\/livestream-deutsche-einheit-wen-juckts-politik-und-wir-twitch.html\" class=\"beitrag\" rel=\"nofollow noopener\" target=\"_blank\">Livestream | Twitch-Talk ab 20:15 Uhr &#8211;<br \/>\n\t\t\t35 Jahre Deutsche Einheit &#8211; wen juckt&#8217;s?<\/p>\n<p>\t\t<\/a><\/p>\n<p>Viele freuen sich, am Tag der Deutschen Einheit frei zu haben \u2013 aber wie wichtig ist das Thema Ost und West heute noch? Dar\u00fcber diskutieren Katharina R\u00f6ben (SWR) und Florian Prokop (rbb) mit Politiker:innen und Expert:innen beim Twitch-Talk.<\/p>\n<p>rbb|24 streamt live ab 20:15 Uhr<\/p>\n<p>\t\t\t\t\t<a name=\"articlesContList\/text_1955464639\"\/><\/p>\n<p>\t\t\t\t\t<a name=\"articlesContList\/text_1\"\/><\/p>\n<p>Sendung: rbb24 Inforadio, 02.10.2025, 07:05 Uhr<\/p>\n<p class=\"textblock\">Beitrag von Johannes Nichelmann<\/p>\n<p><a class=\"ico ico_arrow_wide_up\" title=\"An den Anfang\" href=\"#top\">  <\/a><\/p>\n","protected":false},"excerpt":{"rendered":"Pro-Kommentar zu 35 Jahre Deutsche Einheit &#8211; Ost und West bleibt auch f\u00fcr neue Generationen ein Thema Fr&hellip;\n","protected":false},"author":2,"featured_media":479953,"comment_status":"","ping_status":"","sticky":false,"template":"","format":"standard","meta":{"footnotes":""},"categories":[1773],"tags":[29,214,30,471,1780,215],"class_list":{"0":"post-479952","1":"post","2":"type-post","3":"status-publish","4":"format-standard","5":"has-post-thumbnail","7":"category-serien","8":"tag-deutschland","9":"tag-entertainment","10":"tag-germany","11":"tag-serien","12":"tag-series","13":"tag-unterhaltung"},"share_on_mastodon":{"url":"https:\/\/pubeurope.com\/@de\/115332872322239083","error":""},"_links":{"self":[{"href":"https:\/\/www.europesays.com\/de\/wp-json\/wp\/v2\/posts\/479952","targetHints":{"allow":["GET"]}}],"collection":[{"href":"https:\/\/www.europesays.com\/de\/wp-json\/wp\/v2\/posts"}],"about":[{"href":"https:\/\/www.europesays.com\/de\/wp-json\/wp\/v2\/types\/post"}],"author":[{"embeddable":true,"href":"https:\/\/www.europesays.com\/de\/wp-json\/wp\/v2\/users\/2"}],"replies":[{"embeddable":true,"href":"https:\/\/www.europesays.com\/de\/wp-json\/wp\/v2\/comments?post=479952"}],"version-history":[{"count":0,"href":"https:\/\/www.europesays.com\/de\/wp-json\/wp\/v2\/posts\/479952\/revisions"}],"wp:featuredmedia":[{"embeddable":true,"href":"https:\/\/www.europesays.com\/de\/wp-json\/wp\/v2\/media\/479953"}],"wp:attachment":[{"href":"https:\/\/www.europesays.com\/de\/wp-json\/wp\/v2\/media?parent=479952"}],"wp:term":[{"taxonomy":"category","embeddable":true,"href":"https:\/\/www.europesays.com\/de\/wp-json\/wp\/v2\/categories?post=479952"},{"taxonomy":"post_tag","embeddable":true,"href":"https:\/\/www.europesays.com\/de\/wp-json\/wp\/v2\/tags?post=479952"}],"curies":[{"name":"wp","href":"https:\/\/api.w.org\/{rel}","templated":true}]}}