{"id":479964,"date":"2025-10-07T12:33:08","date_gmt":"2025-10-07T12:33:08","guid":{"rendered":"https:\/\/www.europesays.com\/de\/479964\/"},"modified":"2025-10-07T12:33:08","modified_gmt":"2025-10-07T12:33:08","slug":"herdecke-messerattacke-auf-spd-politikerin-neu-gewaehlte-buergermeisterin-niedergestochen-welt","status":"publish","type":"post","link":"https:\/\/www.europesays.com\/de\/479964\/","title":{"rendered":"Herdecke: Messerattacke auf SPD-Politikerin \u2013 Neu gew\u00e4hlte B\u00fcrgermeisterin niedergestochen &#8211; WELT"},"content":{"rendered":"<ol>\n<li><a href=\"https:\/\/news.google.com\/rss\/articles\/CBMi-gFBVV95cUxONkhpRTQwY3JZNFJGYWN6QlZXNDloV19hVlQ2OC1nQm9CZEJJLS12Yk4tcEpqMnBvTlFvSS1XSW5yY3AzZVlxNGpTdU1ZbEhQNFVOQkJ0SnFuOUM5dzZOb00wcjVIRWhkSW5NVjZCSGVUYlFfTG8wcUhHdlgybHlCQ0U1LTVtNEQ1X3YtNF9TQVhINlBmY2V5NUl5Njk5VUdfblNyWmNwVmJ5LTBzXzg5azZwQm1OQjRoSGxGSzl0YkNfLUlCNVVaMHpuWW5lUXJiaTJUMExucUVsb1hQRDRGa0RZVjh2UjNXeWI1WjZnTFVRajNIMEIzaDhB?oc=5\" target=\"_blank\" rel=\"nofollow noopener\">Herdecke: Messerattacke auf SPD-Politikerin \u2013 Neu gew\u00e4hlte B\u00fcrgermeisterin niedergestochen<\/a>&nbsp;&nbsp;WELT<\/li>\n<li><a href=\"https:\/\/news.google.com\/rss\/articles\/CBMizwFBVV95cUxPNFIzT0g4Y1FHZkhfbnljNDRNbzJHaFBfclVOdTBJSUhuc2RlaTV2SmpobmF4ZXhQSWhJQlVxQVJxaVFwZGJRVEtFMnBIR2hKeWxBeGtaY0dWa2x6ZENuNS10MWMyMDV3YUwyVVFJWVU1STVQZ25HY3d2ZFJ5c3ZsTXhweEJORGgzenpJVWREdzVnMGhnN1ZDNXZaQy1KSmhiVUFpOHUxa29CN2pRMDZXZHdzWVJkQl84THl2UU9QQUJONEU2UVJQN09SZnhxaUk?oc=5\" target=\"_blank\" rel=\"nofollow noopener\">NRW: Messerangriff auf B\u00fcrgermeisterin von Herdecke<\/a>&nbsp;&nbsp;Spiegel<\/li>\n<li><a href=\"https:\/\/news.google.com\/rss\/articles\/CBMipwFBVV95cUxNX295UW1EZDlrVC1XME1XWV9TNGFxaHBvbzFEeGRyUWtjbzM4QXE5MmVSS2FTdC03c3J1Rlk0MnAzRERFVnFlMTZXVlFmc09nYmJyT1UzUUlnYVFpd3ZSTVpLMkgyN3dmdEtiV0xsbWJibjU3NXBXeFExTkFtektkeXhUMjdWRG9zdGEwWTd0Q2pFUUpDenBNN1lnRVhoelYwclhVT2RpVQ?oc=5\" target=\"_blank\" rel=\"nofollow noopener\">Gro\u00dfeinsatz in NRW: Berichte: B\u00fcrgermeisterin von Herdecke niedergestochen<\/a>&nbsp;&nbsp;Ntv<\/li>\n<li><a href=\"https:\/\/news.google.com\/rss\/articles\/CBMimgFBVV95cUxNdXR3aEFtV1VJM3pFbWlLaUY4X3FQcTlIb2Fsc2M5Sl8xc3ZUaFFBWFIweFFrMGp3WmpSZDE0UjFadGluXzhRTkdWbmIxX25QbGRxTXRkc19RWFZPS1lzYTJ3T2hMdFVhWXZMYVllMlVuRWo4OVJhN1JWS0dMUl9LY0JlMmVjbGhoTEFTZmVqQTlXM0kwRTROY0VR?oc=5\" target=\"_blank\" rel=\"nofollow noopener\">Nordrhein-Westfalen: B\u00fcrgermeisterin von Herdecke durch Messerstiche schwer verletzt<\/a>&nbsp;&nbsp;DIE ZEIT<\/li>\n<li><a href=\"https:\/\/news.google.com\/rss\/articles\/CBMizwFBVV95cUxPWVVLQk53RzdqYTVtQVY0aV8tS1U4eWp2SXoyU1VFRGpYSTZSNUF2bHpYaVZaYnFDcWxabkdrQUw3d0RVdEFGeU4yaUpLRGtQY3JlSFJVUU5Nd094WmxlV0hmNWhkZXJsVmZSNDBPak1HbDFNWGN2Wkc2VHR2S0NiUkp5UHRRaXpKX0dna1dIODdWcUVZcWlDMmdYX0N5UDJLcC1FU1pSb2FteGJmTVhKQ05SSnAySW45S08xUkhCMWZMVXNveENFYlB6Q2xHalk?oc=5\" target=\"_blank\" rel=\"nofollow noopener\">Nordrhein-Westfalen: Herdecke: Angriff am Haus der neu gew\u00e4hlten B\u00fcrgermeisterin<\/a>&nbsp;&nbsp;tagesschau.de<\/li>\n<\/ol>\n","protected":false},"excerpt":{"rendered":"Herdecke: Messerattacke auf SPD-Politikerin \u2013 Neu gew\u00e4hlte B\u00fcrgermeisterin niedergestochen&nbsp;&nbsp;WELT NRW: Messerangriff auf B\u00fcrgermeisterin von Herdecke&nbsp;&nbsp;Spiegel Gro\u00dfeinsatz in NRW:&hellip;\n","protected":false},"author":2,"featured_media":6787,"comment_status":"","ping_status":"","sticky":false,"template":"","format":"standard","meta":{"footnotes":""},"categories":[2],"tags":[29,30,13,14,15,12,10,8,9,11],"class_list":{"0":"post-479964","1":"post","2":"type-post","3":"status-publish","4":"format-standard","5":"has-post-thumbnail","7":"category-deutschland","8":"tag-deutschland","9":"tag-germany","10":"tag-headlines","11":"tag-nachrichten","12":"tag-news","13":"tag-schlagzeilen","14":"tag-top-news","15":"tag-top-meldungen","16":"tag-topmeldungen","17":"tag-topnews"},"share_on_mastodon":{"url":"","error":""},"_links":{"self":[{"href":"https:\/\/www.europesays.com\/de\/wp-json\/wp\/v2\/posts\/479964","targetHints":{"allow":["GET"]}}],"collection":[{"href":"https:\/\/www.europesays.com\/de\/wp-json\/wp\/v2\/posts"}],"about":[{"href":"https:\/\/www.europesays.com\/de\/wp-json\/wp\/v2\/types\/post"}],"author":[{"embeddable":true,"href":"https:\/\/www.europesays.com\/de\/wp-json\/wp\/v2\/users\/2"}],"replies":[{"embeddable":true,"href":"https:\/\/www.europesays.com\/de\/wp-json\/wp\/v2\/comments?post=479964"}],"version-history":[{"count":0,"href":"https:\/\/www.europesays.com\/de\/wp-json\/wp\/v2\/posts\/479964\/revisions"}],"wp:featuredmedia":[{"embeddable":true,"href":"https:\/\/www.europesays.com\/de\/wp-json\/wp\/v2\/media\/6787"}],"wp:attachment":[{"href":"https:\/\/www.europesays.com\/de\/wp-json\/wp\/v2\/media?parent=479964"}],"wp:term":[{"taxonomy":"category","embeddable":true,"href":"https:\/\/www.europesays.com\/de\/wp-json\/wp\/v2\/categories?post=479964"},{"taxonomy":"post_tag","embeddable":true,"href":"https:\/\/www.europesays.com\/de\/wp-json\/wp\/v2\/tags?post=479964"}],"curies":[{"name":"wp","href":"https:\/\/api.w.org\/{rel}","templated":true}]}}