{"id":479965,"date":"2025-10-07T12:34:17","date_gmt":"2025-10-07T12:34:17","guid":{"rendered":"https:\/\/www.europesays.com\/de\/479965\/"},"modified":"2025-10-07T12:34:17","modified_gmt":"2025-10-07T12:34:17","slug":"herdecke-buergermeisterin-stalzer-nach-messer-attacke-in-lebensgefahr-news","status":"publish","type":"post","link":"https:\/\/www.europesays.com\/de\/479965\/","title":{"rendered":"Herdecke: B\u00fcrgermeisterin Stalzer nach Messer-Attacke in Lebensgefahr | News"},"content":{"rendered":"<p>Herdecke (NRW) \u2013 <b>Messer-Angriff auf die neue B\u00fcrgermeisterin von Herdecke (NRW)! Iris Stalzer (57, SPD) soll nach einer Attacke in Lebensgefahr schweben. Ihr Zustand sei kritisch.<\/b><\/p>\n<p>Nach BILD-Informationen wurde die frisch gew\u00e4hlte B\u00fcrgermeisterin am Dienstag schwer verletzt von ihrem Sohn in ihrer Wohnung in Herdecke-Herrentisch (<a href=\"https:\/\/www.bild.de\/politik\/inland\/spd\/spd-alle-infos-76661710.bild.html\" class=\"text-link\" target=\"_blank\" rel=\"noopener\">Nordrhein-Westfalen<\/a>) gefunden. Sie soll eine Vielzahl an <a href=\"https:\/\/www.bild.de\/themen\/specials\/nahkampfwaffen\/news-fotos-videos-17014754.bild.html\" class=\"text-link\" target=\"_blank\" rel=\"noopener\">Messerstichen<\/a> in Bauch und R\u00fccken erlitten haben. Sie soll ihm gegen\u00fcber gesagt haben, sie sei auf der Stra\u00dfe von mehreren M\u00e4nnern angegriffen worden.<\/p>\n<p>Zurzeit sollen Not\u00e4rzte um das Leben der <a href=\"https:\/\/www.bild.de\/politik\/inland\/spd\/spd-alle-infos-76661710.bild.html\" class=\"text-link\" target=\"_blank\" rel=\"noopener\">SPD<\/a>-Politikerin k\u00e4mpfen.<\/p>\n<p><img decoding=\"async\" width=\"992\" height=\"1178\" alt=\"Anw\u00e4ltin Iris Stalzer (57, SPD) ist gerade in der Stichwahl zur neuen B\u00fcrgermeisterin gew\u00e4hlt worden\" src=\"https:\/\/www.europesays.com\/de\/wp-content\/uploads\/2025\/10\/3c392c33dd33afcda2355ff800965ad8,534e60cd\"   class=\"portrait\" loading=\"lazy\"\/><\/p>\n<p class=\"fig__caption__text\">Anw\u00e4ltin Iris Stalzer (57, SPD) ist gerade in der Stichwahl zur neuen B\u00fcrgermeisterin gew\u00e4hlt worden<\/p>\n<p>Foto: PR<\/p>\n<p>Hintergrund der Tat v\u00f6llig unklar<\/p>\n<p>Die <a href=\"https:\/\/www.bild.de\/regional\/aktuelles\/polizei\/polizeieinsatz-alle-infos-76681760.bild.html\" class=\"text-link\" target=\"_blank\" rel=\"noopener\">Polizei<\/a> l\u00f6ste nach Recherchen unserer Reporter Gro\u00dfalarm aus, fahndet nach den T\u00e4tern. Eine Mordkommission soll zeitnah die Ermittlungen \u00fcbernehmen. Ob die Tat einen politischen Hintergrund hat, ist noch v\u00f6llig unklar.<\/p>\n<p><img decoding=\"async\" width=\"992\" height=\"633\" alt=\"Zahlreiche Einsatzkr\u00e4fte waren im Herdecker Stadtteil Herrentisch am Dienstagmittag vor Ort\" src=\"https:\/\/www.europesays.com\/de\/wp-content\/uploads\/2025\/10\/73ca045cb30e5638beb474b6a39198f8,40e75d8f\"   class=\"dynamic\" loading=\"lazy\"\/><\/p>\n<p class=\"fig__caption__text\">Zahlreiche Einsatzkr\u00e4fte waren im Herdecker Stadtteil Herrentisch am Dienstagmittag vor Ort<\/p>\n<p>Foto: ALEX TALASH<\/p>\n<p>Iris Stalzer war gerade erst am 28. September zur B\u00fcrgermeisterin der <a href=\"https:\/\/www.bild.de\/regional\/ruhrgebiet\/ruhrgebiet-regional\/home-16344468.bild.html\" class=\"text-link\" target=\"_blank\" rel=\"noopener\">Ruhrgebietsstadt<\/a> gew\u00e4hlt worden.<\/p>\n<p>Mehr zum Thema<\/p>\n<p>Der WDR berichtete zuerst \u00fcber den Fall.<\/p>\n<p>Mehr gleich bei BILD.<\/p>\n","protected":false},"excerpt":{"rendered":"Herdecke (NRW) \u2013 Messer-Angriff auf die neue B\u00fcrgermeisterin von Herdecke (NRW)! Iris Stalzer (57, SPD) soll nach einer&hellip;\n","protected":false},"author":2,"featured_media":479966,"comment_status":"","ping_status":"","sticky":false,"template":"","format":"standard","meta":{"footnotes":""},"categories":[5],"tags":[2140,1737,35207,1738,1736,13,54014,102961,1981,14,15,1209,12,45,10,8,9,11],"class_list":{"0":"post-479965","1":"post","2":"type-post","3":"status-publish","4":"format-standard","5":"has-post-thumbnail","7":"category-nachrichten","8":"tag-angriff","9":"tag-breaking-news","10":"tag-buergermeisterin","11":"tag-desk-delta","12":"tag-fb-instantarticles","13":"tag-headlines","14":"tag-herdecke","15":"tag-kommunalwahlen-nordrhein-westfalen","16":"tag-messer","17":"tag-nachrichten","18":"tag-news","19":"tag-nordrhein-westfalen","20":"tag-schlagzeilen","21":"tag-texttospeech","22":"tag-top-news","23":"tag-top-meldungen","24":"tag-topmeldungen","25":"tag-topnews"},"share_on_mastodon":{"url":"https:\/\/pubeurope.com\/@de\/115332911660803182","error":""},"_links":{"self":[{"href":"https:\/\/www.europesays.com\/de\/wp-json\/wp\/v2\/posts\/479965","targetHints":{"allow":["GET"]}}],"collection":[{"href":"https:\/\/www.europesays.com\/de\/wp-json\/wp\/v2\/posts"}],"about":[{"href":"https:\/\/www.europesays.com\/de\/wp-json\/wp\/v2\/types\/post"}],"author":[{"embeddable":true,"href":"https:\/\/www.europesays.com\/de\/wp-json\/wp\/v2\/users\/2"}],"replies":[{"embeddable":true,"href":"https:\/\/www.europesays.com\/de\/wp-json\/wp\/v2\/comments?post=479965"}],"version-history":[{"count":0,"href":"https:\/\/www.europesays.com\/de\/wp-json\/wp\/v2\/posts\/479965\/revisions"}],"wp:featuredmedia":[{"embeddable":true,"href":"https:\/\/www.europesays.com\/de\/wp-json\/wp\/v2\/media\/479966"}],"wp:attachment":[{"href":"https:\/\/www.europesays.com\/de\/wp-json\/wp\/v2\/media?parent=479965"}],"wp:term":[{"taxonomy":"category","embeddable":true,"href":"https:\/\/www.europesays.com\/de\/wp-json\/wp\/v2\/categories?post=479965"},{"taxonomy":"post_tag","embeddable":true,"href":"https:\/\/www.europesays.com\/de\/wp-json\/wp\/v2\/tags?post=479965"}],"curies":[{"name":"wp","href":"https:\/\/api.w.org\/{rel}","templated":true}]}}