{"id":479976,"date":"2025-10-07T12:40:11","date_gmt":"2025-10-07T12:40:11","guid":{"rendered":"https:\/\/www.europesays.com\/de\/479976\/"},"modified":"2025-10-07T12:40:11","modified_gmt":"2025-10-07T12:40:11","slug":"schwalmtal-auftritt-dennis-aus-huerth","status":"publish","type":"post","link":"https:\/\/www.europesays.com\/de\/479976\/","title":{"rendered":"Schwalmtal: Auftritt Dennis aus H\u00fcrth"},"content":{"rendered":"<p class=\"text_ohne_einzug richtext text-em-55 !leading-serif mx-6 desktop:mx-0\">  Dennis aus H\u00fcrth \u2013 der wohl bekannteste Berufssch\u00fcler Deutschlands \u2013 feiert sein zehnj\u00e4hriges B\u00fchnenjubil\u00e4um mit dem neuen Programm \u201eDer Wille war da \u2013 nur ich nicht!\u201c. Am Samstag, 15. November, um 20 Uhr nimmt Dennis sein Publikum in der Achim-Besgen-Halle in Schwalmtal mit in seine Welt. Dies ist der Nachholtermin f\u00fcr den urspr\u00fcnglich f\u00fcr den 1. Februar 2025 geplanten Auftritt. Die Tickets bleiben auch f\u00fcr den Nachholtermin g\u00fcltig.<\/p>\n","protected":false},"excerpt":{"rendered":"Dennis aus H\u00fcrth \u2013 der wohl bekannteste Berufssch\u00fcler Deutschlands \u2013 feiert sein zehnj\u00e4hriges B\u00fchnenjubil\u00e4um mit dem neuen Programm&hellip;\n","protected":false},"author":2,"featured_media":479977,"comment_status":"","ping_status":"","sticky":false,"template":"","format":"standard","meta":{"footnotes":""},"categories":[1849],"tags":[12690,3364,50537,29,548,663,3934,30,13,4181,4455,121383,14,15,1209,7789,5209,12,20413,1406,8980,121384],"class_list":{"0":"post-479976","1":"post","2":"type-post","3":"status-publish","4":"format-standard","5":"has-post-thumbnail","7":"category-moenchengladbach","8":"tag-auftritt","9":"tag-de","10":"tag-dennis","11":"tag-deutschland","12":"tag-eu","13":"tag-europa","14":"tag-europe","15":"tag-germany","16":"tag-headlines","17":"tag-huerth","18":"tag-moenchengladbach","19":"tag-nachholtermin","20":"tag-nachrichten","21":"tag-news","22":"tag-nordrhein-westfalen","23":"tag-programm","24":"tag-publikum","25":"tag-schlagzeilen","26":"tag-schwalmtal","27":"tag-tickets","28":"tag-tritt","29":"tag-wille"},"share_on_mastodon":{"url":"https:\/\/pubeurope.com\/@de\/115332934813752577","error":""},"_links":{"self":[{"href":"https:\/\/www.europesays.com\/de\/wp-json\/wp\/v2\/posts\/479976","targetHints":{"allow":["GET"]}}],"collection":[{"href":"https:\/\/www.europesays.com\/de\/wp-json\/wp\/v2\/posts"}],"about":[{"href":"https:\/\/www.europesays.com\/de\/wp-json\/wp\/v2\/types\/post"}],"author":[{"embeddable":true,"href":"https:\/\/www.europesays.com\/de\/wp-json\/wp\/v2\/users\/2"}],"replies":[{"embeddable":true,"href":"https:\/\/www.europesays.com\/de\/wp-json\/wp\/v2\/comments?post=479976"}],"version-history":[{"count":0,"href":"https:\/\/www.europesays.com\/de\/wp-json\/wp\/v2\/posts\/479976\/revisions"}],"wp:featuredmedia":[{"embeddable":true,"href":"https:\/\/www.europesays.com\/de\/wp-json\/wp\/v2\/media\/479977"}],"wp:attachment":[{"href":"https:\/\/www.europesays.com\/de\/wp-json\/wp\/v2\/media?parent=479976"}],"wp:term":[{"taxonomy":"category","embeddable":true,"href":"https:\/\/www.europesays.com\/de\/wp-json\/wp\/v2\/categories?post=479976"},{"taxonomy":"post_tag","embeddable":true,"href":"https:\/\/www.europesays.com\/de\/wp-json\/wp\/v2\/tags?post=479976"}],"curies":[{"name":"wp","href":"https:\/\/api.w.org\/{rel}","templated":true}]}}