{"id":479978,"date":"2025-10-07T12:41:14","date_gmt":"2025-10-07T12:41:14","guid":{"rendered":"https:\/\/www.europesays.com\/de\/479978\/"},"modified":"2025-10-07T12:41:14","modified_gmt":"2025-10-07T12:41:14","slug":"polizei-essen-stoppt-auto-nach-verfolgungsjagd","status":"publish","type":"post","link":"https:\/\/www.europesays.com\/de\/479978\/","title":{"rendered":"Polizei Essen stoppt Auto nach Verfolgungsjagd"},"content":{"rendered":"<p>Autofahrer fl\u00fcchtet in Essen vor Verkehrskontrolle <\/p>\n<p>Die Polizei Essen wollte am Dienstagvormittag (7. Oktober) einen Mercedesfahrer kontrollieren. Anstatt anzuhalten und den Beamten ihre Fragen zu beantworten, hat der Fahrer aber laut Polizei beschleunigt und wollte fl\u00fcchten. Die Beamten haben mit mehreren Einsatzwagen die Verfolgung aufgenommen. Es ging von Frohnhausen bis nach Altendorf. Laut Radio Essen-Informationen soll der 36-J\u00e4hrige Fahrer w\u00e4hrend der Fahrt etwas aus dem Fenster geworfen haben. An der Haus-Berge-Stra\u00dfe war schon nach 10 Minuten Verfolgung Schluss f\u00fcr den Fahrer des wei\u00dfen Autos: Der Fluchtwagen kam zum stehen. Wie und warum kann die Polizei noch nicht sagen. Ob der Gegenstand, den der Mann aus dem Fenster geworfen haben soll, der Grund f\u00fcr die Flucht ist, kann die Polizei noch nicht sagen. Radio Essen-Informationen zufolge haben Sp\u00fcrhunde der Polizei die Strecke abgesucht. Laut Polizei wurde bei der Verfolgungsjagd niemand verletzt. W\u00e4hrend der Verfolgung sind laut Polizei eine Hauswand, M\u00fclleimer und ein Poller zerst\u00f6rt worden. Die Beamten ermitteln jetzt in dem Fall.<\/p>\n<p>Mehr Nachrichten aus Essen<\/p>\n","protected":false},"excerpt":{"rendered":"Autofahrer fl\u00fcchtet in Essen vor Verkehrskontrolle Die Polizei Essen wollte am Dienstagvormittag (7. Oktober) einen Mercedesfahrer kontrollieren. Anstatt&hellip;\n","protected":false},"author":2,"featured_media":479979,"comment_status":"","ping_status":"","sticky":false,"template":"","format":"standard","meta":{"footnotes":""},"categories":[1848],"tags":[3275,24611,513,3364,29,548,663,3934,3658,30,13,11532,14,15,1209,121,12,51863,16717,8183],"class_list":{"0":"post-479978","1":"post","2":"type-post","3":"status-publish","4":"format-standard","5":"has-post-thumbnail","7":"category-gelsenkirchen","8":"tag-lokalnachrichten","9":"tag-verfolgungsfahrt","10":"tag-auto","11":"tag-de","12":"tag-deutschland","13":"tag-eu","14":"tag-europa","15":"tag-europe","16":"tag-gelsenkirchen","17":"tag-germany","18":"tag-headlines","19":"tag-kontrolle","20":"tag-nachrichten","21":"tag-news","22":"tag-nordrhein-westfalen","23":"tag-polizei","24":"tag-schlagzeilen","25":"tag-straenverkehr","26":"tag-verfolgung","27":"tag-verkehrskontrolle"},"share_on_mastodon":{"url":"https:\/\/pubeurope.com\/@de\/115332938787238023","error":""},"_links":{"self":[{"href":"https:\/\/www.europesays.com\/de\/wp-json\/wp\/v2\/posts\/479978","targetHints":{"allow":["GET"]}}],"collection":[{"href":"https:\/\/www.europesays.com\/de\/wp-json\/wp\/v2\/posts"}],"about":[{"href":"https:\/\/www.europesays.com\/de\/wp-json\/wp\/v2\/types\/post"}],"author":[{"embeddable":true,"href":"https:\/\/www.europesays.com\/de\/wp-json\/wp\/v2\/users\/2"}],"replies":[{"embeddable":true,"href":"https:\/\/www.europesays.com\/de\/wp-json\/wp\/v2\/comments?post=479978"}],"version-history":[{"count":0,"href":"https:\/\/www.europesays.com\/de\/wp-json\/wp\/v2\/posts\/479978\/revisions"}],"wp:featuredmedia":[{"embeddable":true,"href":"https:\/\/www.europesays.com\/de\/wp-json\/wp\/v2\/media\/479979"}],"wp:attachment":[{"href":"https:\/\/www.europesays.com\/de\/wp-json\/wp\/v2\/media?parent=479978"}],"wp:term":[{"taxonomy":"category","embeddable":true,"href":"https:\/\/www.europesays.com\/de\/wp-json\/wp\/v2\/categories?post=479978"},{"taxonomy":"post_tag","embeddable":true,"href":"https:\/\/www.europesays.com\/de\/wp-json\/wp\/v2\/tags?post=479978"}],"curies":[{"name":"wp","href":"https:\/\/api.w.org\/{rel}","templated":true}]}}