{"id":479980,"date":"2025-10-07T12:42:30","date_gmt":"2025-10-07T12:42:30","guid":{"rendered":"https:\/\/www.europesays.com\/de\/479980\/"},"modified":"2025-10-07T12:42:30","modified_gmt":"2025-10-07T12:42:30","slug":"punkt-gegen-koeln-niederlage-in-wiesbaden","status":"publish","type":"post","link":"https:\/\/www.europesays.com\/de\/479980\/","title":{"rendered":"Punkt gegen K\u00f6ln, Niederlage in Wiesbaden"},"content":{"rendered":"<p>Nach der zweiten Englischen Woche dieser Saison \u2013 und vor der n\u00e4chsten L\u00e4nderspielpause \u2013 treffen sich im sechzger.de Talk 231 f\u00fcnf Redakteure, um die Spiele gegen Viktoria K\u00f6ln und in Wiesbaden und auch den Derby-Sieg der U19 vom Wochenende ein wenig Revue passieren zu lassen. Moderator Christian, der ausnahmsweise beiden Partien nicht beiwohnte, l\u00e4sst sich von Jan, Edge, FloBu und Thomas Spiesl erz\u00e4hlen, wie es war.<\/p>\n<p>TSV 1860 \u2013 Viktoria K\u00f6ln<\/p>\n<p>Erst die Furcht vor eine Absage, die wohl den einen oder anderen, etwas weiter anreisenden L\u00f6wenfan vom Stadionbesuch am Mittwoch Abend abhielt, dann ein 0:2-R\u00fcckstand nach nur acht Minuten, eine tiefe Fleischwunde f\u00fcr Kevin Volland, \u2026 da ist einiges passiert, was die Runde zu besprechen hat. Die erneute Schweige-Geste von Patrick Hobsch nach seinem Ausgleich ist ebenso ein Thema, wie der Polizeieinsatz im G\u00e4steblock zur Pause.<\/p>\n<p>Wehen Wiesbaden \u2013 TSV 1860<\/p>\n<p>Nicht ganz so ausf\u00fchrlich widmet sich der sechzger.de Talk 231 dem Ausw\u00e4rtsspiel vom Sonntag Abend in der Hauptstadt Hessens, das lediglich der j\u00fcngste Teilnehmer in der Runde pers\u00f6nlich live vor Ort verfolgt hat. Aber nat\u00fcrlich gehen wir der Frage nach, wie die Worte von Rene Vollath am Magenta-Mikro nach dem Spiel einzusch\u00e4tzen sind. Und der Wiesbadenfahrer kann sich \u00e4u\u00dferst lobend \u00fcber die kulinarische Versorgung in der Brita-Arena \u00e4u\u00dfern.<\/p>\n<p>Das Quiz im sechzger.de Talk 231<\/p>\n<p>Ein eigentlich unverzichtbarer Bestandteil unseres Podcastformats ist die sogenannte \u201cSchnellraterunde\u201d, die aber immerhin \u00fcber zehn Minuten in Anspruch nimmt. Thomas hat sich wieder Gedanken gemacht und stellt seinen Mitstreitern interessante Fragen. H\u00e4ttet Ihr die Antworten gewusst?<\/p>\n<p>Derbysieg der U19<\/p>\n<p>Gro\u00dfe Ereignisse m\u00fcssen in unserem Talk entsprechend gew\u00fcrdigt werden, weshalb Edge, der es als einziger in der Runde am Samstag Vormittag auf das Trainingsgel\u00e4nde an der Gr\u00fcnwalder Stra\u00dfe geschafft hat, vom Sieg der L\u00f6wen im A-Jugend-Derby berichtet. Und weil die Derbyhelden es verdient haben, gibt\u2019s zum Abschluss der Sendung noch den Tipp, vor dem kommenden Profiheimspiel am 19. Oktober gegen Duisburg vormittags um 11 Uhr am Trainingsgel\u00e4nde vorbeizuschauen, wenn die U19 auf den SC Freiburg trifft. Die Breisgauer sind aktuell in der Tabelle noch vor den Jungl\u00f6wen zu finden. Noch.<br \/>Wer in der L\u00e4nderspielpause nicht auf Fu\u00dfball verzichten will, muss das auch nicht. Am Freitag Abend um 18.60 Uhr empf\u00e4ngt die U21 (dann wohl wieder betreut von Alper Kayabunar) zum Spitzenspiel der Bayernliga S\u00fcd den direkten Verfolger TSV Landsberg. Auch dieses Spiel legen wir unseren gesch\u00e4tzten Zuh\u00f6rer*innen ans Herz.<\/p>\n<p>Der sechzger.de Talk 231 als Video und Podcast<\/p>\n<p>Ob Video oder Audio \u2013 den sechzger.de Talk gibts f\u00fcr Auge und\/oder Ohr. Um keine Folge zu verpassen, k\u00f6nnt Ihr uns nat\u00fcrlich gerne auf <a href=\"https:\/\/www.youtube.com\/channel\/UCv2JOJrK2QV1ndsMFd1Pp5w\" target=\"_blank\" rel=\"noopener nofollow\">YouTube<\/a> bzw. diversen <a href=\"https:\/\/sechzger.de\/sechzger-de-talk-jetzt-auch-als-podcast-vielfalt-beim-tsv-1860\/\" rel=\"nofollow noopener\" target=\"_blank\">Podcast-Plattformen<\/a> abonnieren:<\/p>\n<p>Selbstverst\u00e4ndlich freuen wir uns auch \u00fcber jede positive Bewertung, \u00fcber Kommentare und \u00fcber Eure Verbesserungsvorschl\u00e4ge.<\/p>\n<p><img loading=\"lazy\" decoding=\"async\" class=\"no-lazy-load\" src=\"data:image\/svg+xml,%3Csvg%20xmlns=\" http:=\"\" alt=\"\" style=\"display:none\" width=\"1\" height=\"1\" data-lazy-src=\"https:\/\/www.europesays.com\/de\/wp-content\/uploads\/2025\/10\/0a466c9c042641cd898ab690c7aeba14.gif\"\/><\/p>\n<p>&#13;<br \/>\n                    0&#13;<br \/>\n                    0&#13;<br \/>\n                    votes<\/p>\n<p>Artikelbewertung<\/p>\n","protected":false},"excerpt":{"rendered":"Nach der zweiten Englischen Woche dieser Saison \u2013 und vor der n\u00e4chsten L\u00e4nderspielpause \u2013 treffen sich im sechzger.de&hellip;\n","protected":false},"author":2,"featured_media":479981,"comment_status":"","ping_status":"","sticky":false,"template":"","format":"standard","meta":{"footnotes":""},"categories":[1847],"tags":[3364,29,548,663,3934,30,13,2052,14,15,2043,12,23946,118844,22454,4544],"class_list":{"0":"post-479980","1":"post","2":"type-post","3":"status-publish","4":"format-standard","5":"has-post-thumbnail","7":"category-wiesbaden","8":"tag-de","9":"tag-deutschland","10":"tag-eu","11":"tag-europa","12":"tag-europe","13":"tag-germany","14":"tag-headlines","15":"tag-hessen","16":"tag-nachrichten","17":"tag-news","18":"tag-podcast","19":"tag-schlagzeilen","20":"tag-tsv-1860","21":"tag-viktoria-ku00f6ln","22":"tag-wehen-wiesbaden","23":"tag-wiesbaden"},"share_on_mastodon":{"url":"https:\/\/pubeurope.com\/@de\/115332942646698326","error":""},"_links":{"self":[{"href":"https:\/\/www.europesays.com\/de\/wp-json\/wp\/v2\/posts\/479980","targetHints":{"allow":["GET"]}}],"collection":[{"href":"https:\/\/www.europesays.com\/de\/wp-json\/wp\/v2\/posts"}],"about":[{"href":"https:\/\/www.europesays.com\/de\/wp-json\/wp\/v2\/types\/post"}],"author":[{"embeddable":true,"href":"https:\/\/www.europesays.com\/de\/wp-json\/wp\/v2\/users\/2"}],"replies":[{"embeddable":true,"href":"https:\/\/www.europesays.com\/de\/wp-json\/wp\/v2\/comments?post=479980"}],"version-history":[{"count":0,"href":"https:\/\/www.europesays.com\/de\/wp-json\/wp\/v2\/posts\/479980\/revisions"}],"wp:featuredmedia":[{"embeddable":true,"href":"https:\/\/www.europesays.com\/de\/wp-json\/wp\/v2\/media\/479981"}],"wp:attachment":[{"href":"https:\/\/www.europesays.com\/de\/wp-json\/wp\/v2\/media?parent=479980"}],"wp:term":[{"taxonomy":"category","embeddable":true,"href":"https:\/\/www.europesays.com\/de\/wp-json\/wp\/v2\/categories?post=479980"},{"taxonomy":"post_tag","embeddable":true,"href":"https:\/\/www.europesays.com\/de\/wp-json\/wp\/v2\/tags?post=479980"}],"curies":[{"name":"wp","href":"https:\/\/api.w.org\/{rel}","templated":true}]}}