{"id":479982,"date":"2025-10-07T12:43:11","date_gmt":"2025-10-07T12:43:11","guid":{"rendered":"https:\/\/www.europesays.com\/de\/479982\/"},"modified":"2025-10-07T12:43:11","modified_gmt":"2025-10-07T12:43:11","slug":"jetzt-ohne-sprungturm-hallenbad-augsburg-haunstetten-oeffnet-am-samstag-radio-fantasy","status":"publish","type":"post","link":"https:\/\/www.europesays.com\/de\/479982\/","title":{"rendered":"Jetzt ohne Sprungturm: Hallenbad Augsburg-Haunstetten \u00f6ffnet am Samstag &#8211; Radio Fantasy"},"content":{"rendered":"<p>\t\t\tSamstagfr\u00fch um 6 Uhr ist auch f\u00fcr das Hallenbad Haunstetten Saisonstart.<br \/>Sport- und B\u00e4der- und das Hochbauamt der Stadt Augsburg gehen davon aus, dass am Freitag die Arbeiten an der Sprungturm-Anlage beendet werden. Wie berichtet, muss sie abgebaut werden, weil die Konstruktion so verrostet ist, dass die Gefahr besteht, dass sie umkippt.<br \/>Der R\u00fcckbau wurde in zweieinhalb Wochen geschafft.<br \/>Ob ein neuer Sprungturm kommt, entscheidet nicht zuletzt die laufende Kostensch\u00e4tzung.            <\/p>\n","protected":false},"excerpt":{"rendered":"Samstagfr\u00fch um 6 Uhr ist auch f\u00fcr das Hallenbad Haunstetten Saisonstart.Sport- und B\u00e4der- und das Hochbauamt der Stadt&hellip;\n","protected":false},"author":2,"featured_media":479983,"comment_status":"","ping_status":"","sticky":false,"template":"","format":"standard","meta":{"footnotes":""},"categories":[1846],"tags":[680,772,3364,29,548,663,3934,30,13,14,15,12],"class_list":{"0":"post-479982","1":"post","2":"type-post","3":"status-publish","4":"format-standard","5":"has-post-thumbnail","7":"category-augsburg","8":"tag-augsburg","9":"tag-bayern","10":"tag-de","11":"tag-deutschland","12":"tag-eu","13":"tag-europa","14":"tag-europe","15":"tag-germany","16":"tag-headlines","17":"tag-nachrichten","18":"tag-news","19":"tag-schlagzeilen"},"share_on_mastodon":{"url":"https:\/\/pubeurope.com\/@de\/115332946604937926","error":""},"_links":{"self":[{"href":"https:\/\/www.europesays.com\/de\/wp-json\/wp\/v2\/posts\/479982","targetHints":{"allow":["GET"]}}],"collection":[{"href":"https:\/\/www.europesays.com\/de\/wp-json\/wp\/v2\/posts"}],"about":[{"href":"https:\/\/www.europesays.com\/de\/wp-json\/wp\/v2\/types\/post"}],"author":[{"embeddable":true,"href":"https:\/\/www.europesays.com\/de\/wp-json\/wp\/v2\/users\/2"}],"replies":[{"embeddable":true,"href":"https:\/\/www.europesays.com\/de\/wp-json\/wp\/v2\/comments?post=479982"}],"version-history":[{"count":0,"href":"https:\/\/www.europesays.com\/de\/wp-json\/wp\/v2\/posts\/479982\/revisions"}],"wp:featuredmedia":[{"embeddable":true,"href":"https:\/\/www.europesays.com\/de\/wp-json\/wp\/v2\/media\/479983"}],"wp:attachment":[{"href":"https:\/\/www.europesays.com\/de\/wp-json\/wp\/v2\/media?parent=479982"}],"wp:term":[{"taxonomy":"category","embeddable":true,"href":"https:\/\/www.europesays.com\/de\/wp-json\/wp\/v2\/categories?post=479982"},{"taxonomy":"post_tag","embeddable":true,"href":"https:\/\/www.europesays.com\/de\/wp-json\/wp\/v2\/tags?post=479982"}],"curies":[{"name":"wp","href":"https:\/\/api.w.org\/{rel}","templated":true}]}}