{"id":479984,"date":"2025-10-07T12:44:12","date_gmt":"2025-10-07T12:44:12","guid":{"rendered":"https:\/\/www.europesays.com\/de\/479984\/"},"modified":"2025-10-07T12:44:12","modified_gmt":"2025-10-07T12:44:12","slug":"audi-tasche-aus-radkorb-reisekoffer-in-mannheim-sind-diebe-unterwegs-polizeiberichte-aus-rhein-neckar-odenwald","status":"publish","type":"post","link":"https:\/\/www.europesays.com\/de\/479984\/","title":{"rendered":"Audi, Tasche aus Radkorb, Reisekoffer: In Mannheim sind Diebe unterwegs &#8211; Polizeiberichte aus Rhein-Neckar-Odenwald"},"content":{"rendered":"<p>Mannheim. (pol\/mare)\u00a0In Mannheim waren Diebe unterwegs. Mal mit kleineren Zielen, mal im gro\u00dfen Stil. Davon berichtet die Polizei.<\/p>\n<p>&gt; Ein Unbekannter soll am Samstagmorgen gegen 6.25 Uhr auf einem Parkplatz am Theodor-Kutzer-Ufer dem Besitzer <strong>dessen Audi geraubt<\/strong> haben und anschlie\u00dfend damit gefl\u00fcchtet sein.<\/p>\n<p>Der 27-j\u00e4hrige Eigent\u00fcmer\u00a0war zur Tatzeit mit einer 19-j\u00e4hrigen Begleitung auf dem Parkplatz, als sich der Unbekannte den beiden n\u00e4herte. Er soll anschlie\u00dfend mit Gewalt die Beiden vom Fahrzeug weggezogen haben und anschlie\u00dfend mit dem Audi Avant davongefahren sein. Trotz einer sofort eingeleiteten Fahndung gelang dem T\u00e4ter die Flucht.<\/p>\n<p>Im Rahmen der Ermittlungen fand die Kriminalpolizei jedoch das Auto in Limburgerhof stellte es sicher. Es wird derzeit von der Kriminaltechnik der Kriminalpolizeidirektion Heidelberg untersucht.<\/p>\n<p>Der Unbekannte soll 30 bis 35 Jahre alt und 1,80 Meter gro\u00df gewesen sein. Er soll dunkle Haare und einen dunklen Bart gehabt haben. Er war schlank und trug einen dunkelgrauen Kapuzenpullover und eine hellgraue Jogginghose.<\/p>\n<p>Die Kriminalpolizei sucht nun nach Zeugen, Telefonnummer 0621\/174-4444.<\/p>\n<p>&gt; Am Montagabend gegen 18.20 Uhr entwendete ein Unbekannter im Quadrat G1<strong> einen Rucksack aus einem Fahrradkorb<\/strong> und fl\u00fcchtete. Der 37-j\u00e4hrige Eigent\u00fcmer war mit seinem Rad auf der Marktstra\u00dfe vom Luisenring unterwegs, als der Unbekannte pl\u00f6tzlich nach dem Rucksack griff, den der Radfahrer im vorderen Fahrradkorb dabei hatte.<\/p>\n<p>Im Rucksack befanden sich neben pers\u00f6nlichen Gegenst\u00e4nden ein MacBook und ein IPhone. Der Schaden wird auch etwa 2500 Euro gesch\u00e4tzt. Der\u00a0Mann konnte daraufhin unerkannt in Richtung des Quadrats H4 fl\u00fcchten.<\/p>\n<p>Er war etwa 1,90 Meter gro\u00df, dunkel gekleidet und hatte eine Kapuze \u00fcber den Kopf gezogen.<\/p>\n<p>Hinweise gehen an die Polizei unter\u00a0Telefonnummer 0621\/12580.<\/p>\n<p>&gt; Ein Unbekannter stahl am Montagabend zwischen 17.30 und 18.30 Uhr <strong>einen Reisekoffer aus einem Auto<\/strong>, das in der Heinrich-Herz-Stra\u00dfe abgestellt war. Wie der Langfinger den Kofferraum des Skodas \u00f6ffnete, ist noch unklar.\u00a0Nach der Tat\u00a0fl\u00fcchtete er.<\/p>\n<p>Im Koffer befanden sich neben Kleidungsst\u00fccken auch ein Laptop sowie ein Tablet im Wert von mindestens 2000 Euro. Hinweise auf den Dieb gibt es nicht.<\/p>\n<p>Das Polizeirevier Mannheim-Oststadt hat die weiteren Ermittlungen aufgenommen und sucht nach Zeugen. Diese\u00a0melden\u00a0sich unter der Telefonnummer 0621\/1743310.<\/p>\n","protected":false},"excerpt":{"rendered":"Mannheim. (pol\/mare)\u00a0In Mannheim waren Diebe unterwegs. Mal mit kleineren Zielen, mal im gro\u00dfen Stil. Davon berichtet die Polizei.&hellip;\n","protected":false},"author":2,"featured_media":479985,"comment_status":"","ping_status":"","sticky":false,"template":"","format":"standard","meta":{"footnotes":""},"categories":[1845],"tags":[1634,3364,29,548,663,3934,30,13,2096,14,15,17343,12],"class_list":{"0":"post-479984","1":"post","2":"type-post","3":"status-publish","4":"format-standard","5":"has-post-thumbnail","7":"category-mannheim","8":"tag-baden-wuerttemberg","9":"tag-de","10":"tag-deutschland","11":"tag-eu","12":"tag-europa","13":"tag-europe","14":"tag-germany","15":"tag-headlines","16":"tag-mannheim","17":"tag-nachrichten","18":"tag-news","19":"tag-polizei-blaulicht-heidelberg-mannheim-rhein-neckar-metropolregion-sinsheim-kraichgau-neckarodenwald-odenwald-bauland-heilbronn","20":"tag-schlagzeilen"},"share_on_mastodon":{"url":"https:\/\/pubeurope.com\/@de\/115332950548353647","error":""},"_links":{"self":[{"href":"https:\/\/www.europesays.com\/de\/wp-json\/wp\/v2\/posts\/479984","targetHints":{"allow":["GET"]}}],"collection":[{"href":"https:\/\/www.europesays.com\/de\/wp-json\/wp\/v2\/posts"}],"about":[{"href":"https:\/\/www.europesays.com\/de\/wp-json\/wp\/v2\/types\/post"}],"author":[{"embeddable":true,"href":"https:\/\/www.europesays.com\/de\/wp-json\/wp\/v2\/users\/2"}],"replies":[{"embeddable":true,"href":"https:\/\/www.europesays.com\/de\/wp-json\/wp\/v2\/comments?post=479984"}],"version-history":[{"count":0,"href":"https:\/\/www.europesays.com\/de\/wp-json\/wp\/v2\/posts\/479984\/revisions"}],"wp:featuredmedia":[{"embeddable":true,"href":"https:\/\/www.europesays.com\/de\/wp-json\/wp\/v2\/media\/479985"}],"wp:attachment":[{"href":"https:\/\/www.europesays.com\/de\/wp-json\/wp\/v2\/media?parent=479984"}],"wp:term":[{"taxonomy":"category","embeddable":true,"href":"https:\/\/www.europesays.com\/de\/wp-json\/wp\/v2\/categories?post=479984"},{"taxonomy":"post_tag","embeddable":true,"href":"https:\/\/www.europesays.com\/de\/wp-json\/wp\/v2\/tags?post=479984"}],"curies":[{"name":"wp","href":"https:\/\/api.w.org\/{rel}","templated":true}]}}