{"id":479994,"date":"2025-10-07T12:49:11","date_gmt":"2025-10-07T12:49:11","guid":{"rendered":"https:\/\/www.europesays.com\/de\/479994\/"},"modified":"2025-10-07T12:49:11","modified_gmt":"2025-10-07T12:49:11","slug":"prozess-um-schuesse-am-landgericht-bielefeld-angeklagter-sagt-aus","status":"publish","type":"post","link":"https:\/\/www.europesays.com\/de\/479994\/","title":{"rendered":"Prozess um Sch\u00fcsse am Landgericht Bielefeld: Angeklagter sagt aus"},"content":{"rendered":"<p>Im Prozess um die Sch\u00fcsse am Bielefelder Landgericht hat der Angeklagte ausgesagt. Die Anw\u00e4lte von Berat Nimani bef\u00fcrchteten, dass der Streit zwischen den beiden kosovarischen Familien erneut zu einem Gewaltausbruch f\u00fchrt.<\/p>\n<p>\u00c4u\u00dferungen des Angeklagten unter Ausschluss der \u00d6ffentlichkeit<\/p>\n<p>Deshalb sagte der Angeklagte unter Ausschluss der \u00d6ffentlichkeit aus. Berat Nimani ist der Bruder des erschossenen fr\u00fcheren Boxers Besar Nimani.<\/p>\n<p>Vorw\u00fcrfe der Staatsanwaltschaft<\/p>\n<p>Die Staatsanwaltschaft wirft Berat Nimani vor, am Landgericht auf die Angeh\u00f6rigen des mutma\u00dflichen M\u00f6rders seines Bruders geschossen zu haben.<\/p>\n","protected":false},"excerpt":{"rendered":"Im Prozess um die Sch\u00fcsse am Bielefelder Landgericht hat der Angeklagte ausgesagt. Die Anw\u00e4lte von Berat Nimani bef\u00fcrchteten,&hellip;\n","protected":false},"author":2,"featured_media":479995,"comment_status":"","ping_status":"","sticky":false,"template":"","format":"standard","meta":{"footnotes":""},"categories":[1841],"tags":[118546,1605,3364,29,2690,30,121385,1209,121386],"class_list":{"0":"post-479994","1":"post","2":"type-post","3":"status-publish","4":"format-standard","5":"has-post-thumbnail","7":"category-bielefeld","8":"tag-berat-nimani","9":"tag-bielefeld","10":"tag-de","11":"tag-deutschland","12":"tag-gericht","13":"tag-germany","14":"tag-kosovarische-familien","15":"tag-nordrhein-westfalen","16":"tag-schusswaffengewalt"},"share_on_mastodon":{"url":"https:\/\/pubeurope.com\/@de\/115332970292030634","error":""},"_links":{"self":[{"href":"https:\/\/www.europesays.com\/de\/wp-json\/wp\/v2\/posts\/479994","targetHints":{"allow":["GET"]}}],"collection":[{"href":"https:\/\/www.europesays.com\/de\/wp-json\/wp\/v2\/posts"}],"about":[{"href":"https:\/\/www.europesays.com\/de\/wp-json\/wp\/v2\/types\/post"}],"author":[{"embeddable":true,"href":"https:\/\/www.europesays.com\/de\/wp-json\/wp\/v2\/users\/2"}],"replies":[{"embeddable":true,"href":"https:\/\/www.europesays.com\/de\/wp-json\/wp\/v2\/comments?post=479994"}],"version-history":[{"count":0,"href":"https:\/\/www.europesays.com\/de\/wp-json\/wp\/v2\/posts\/479994\/revisions"}],"wp:featuredmedia":[{"embeddable":true,"href":"https:\/\/www.europesays.com\/de\/wp-json\/wp\/v2\/media\/479995"}],"wp:attachment":[{"href":"https:\/\/www.europesays.com\/de\/wp-json\/wp\/v2\/media?parent=479994"}],"wp:term":[{"taxonomy":"category","embeddable":true,"href":"https:\/\/www.europesays.com\/de\/wp-json\/wp\/v2\/categories?post=479994"},{"taxonomy":"post_tag","embeddable":true,"href":"https:\/\/www.europesays.com\/de\/wp-json\/wp\/v2\/tags?post=479994"}],"curies":[{"name":"wp","href":"https:\/\/api.w.org\/{rel}","templated":true}]}}