{"id":479996,"date":"2025-10-07T12:50:24","date_gmt":"2025-10-07T12:50:24","guid":{"rendered":"https:\/\/www.europesays.com\/de\/479996\/"},"modified":"2025-10-07T12:50:24","modified_gmt":"2025-10-07T12:50:24","slug":"dunkle-jahreszeit-radfahrer-leicht-verletzt","status":"publish","type":"post","link":"https:\/\/www.europesays.com\/de\/479996\/","title":{"rendered":"Dunkle Jahreszeit: Radfahrer leicht verletzt"},"content":{"rendered":"<p id=\"absatz1\" class=\"em_text\">Bielefeld (ots) &#8211; <br \/>FR \/ Bielefeld \/ Gadderbaum &#8211; Am Montagabend, 06.10.2025, kollidierte ein Autofahrer auf der Artur-Ladebeck-Stra\u00dfe, in H\u00f6he Quellenhofweg, mit einem Radfahrer. Der Radfahrer nutzte das Gr\u00fcnlicht der Fu\u00dfg\u00e4ngerampel.<\/p>\n<p id=\"absatz2\" class=\"em_text\">Gegen 20:50 Uhr befuhr ein 63-j\u00e4hriger Bielefelder mit seinem Auto, einem VW Polo, den Quellenhofweg und beabsichtigte bei gr\u00fcnem Ampellicht nach links auf die Artur-Ladebeck-Stra\u00dfe, in Richtung Brackwede, abzubiegen. Zur selben Zeit fuhr ein 47-j\u00e4hriger Bielefelder mit seinem Fahrrad \u00fcber die Stra\u00dfe in H\u00f6he einer gr\u00fcnen Fu\u00dfg\u00e4ngerampel. Das Auto kollidierte mit dem Radfahrer, wodurch der Radfahrer leichte Verletzungen erlitt. Das Fahrrad war nicht mehr fahrbereit. Am Auto entstand leichter Sachschaden.<\/p>\n<p id=\"absatz4\" class=\"em_text\">Der Autofahrer gab an, dass er den Radfahrer nicht wahrgenommen habe und auch nicht wisse, aus welcher Richtung er gekommen sei. Der dunkel gekleidete Radfahrer hatte keine Beleuchtung eingeschaltet. Zudem verzichtete er auf das freiwillige Tragen eines Fahrradhelms.<\/p>\n<p id=\"absatz5\" class=\"em_text\">Die Polizei sensibilisiert f\u00fcr die dunkle Jahreszeit, dass alle Verkehrsteilnehmer gegenseitig R\u00fccksicht nehmen sollten. Autofahrer sollten ihre Geschwindigkeit den Sicht- und Stra\u00dfenverh\u00e4ltnissen anpassen. Zudem gilt es, stehts eine freie Sicht zu haben und gen\u00fcg Abstand zu halten.<\/p>\n<p id=\"absatz6\" class=\"em_text\">Besonders gef\u00e4hrdet sind Radfahrer und Fu\u00dfg\u00e4nger durch eine schlechte Sichtbarkeit und Erkennbarkeit im Stra\u00dfenverkehr. Kleidung aus reflektierenden Materialien kann die Sicherheit im Stra\u00dfenverkehr erheblich steigern.<\/p>\n<p id=\"absatz7\" class=\"em_text\">Quelle: <a href=\"https:\/\/www.presseportal.de\/blaulicht\/pm\/12522\/6132833\" rel=\"nofollow noopener\" target=\"_blank\">https:\/\/www.presseportal.de\/blaulicht\/pm\/12522\/6132833<\/a> <\/p>\n","protected":false},"excerpt":{"rendered":"Bielefeld (ots) &#8211; FR \/ Bielefeld \/ Gadderbaum &#8211; Am Montagabend, 06.10.2025, kollidierte ein Autofahrer auf der Artur-Ladebeck-Stra\u00dfe,&hellip;\n","protected":false},"author":2,"featured_media":479997,"comment_status":"","ping_status":"","sticky":false,"template":"","format":"standard","meta":{"footnotes":""},"categories":[1841],"tags":[16391,513,1605,28242,3364,29,1234,121387,20991,30,121388,177,1209,176,121,121389,20035,41324],"class_list":{"0":"post-479996","1":"post","2":"type-post","3":"status-publish","4":"format-standard","5":"has-post-thumbnail","7":"category-bielefeld","8":"tag-artur-ladebeck-strae","9":"tag-auto","10":"tag-bielefeld","11":"tag-brackwede","12":"tag-de","13":"tag-deutschland","14":"tag-fahrrad","15":"tag-fugngerampel","16":"tag-gadderbaum","17":"tag-germany","18":"tag-grnlicht","19":"tag-kriminalitt","20":"tag-nordrhein-westfalen","21":"tag-nrw","22":"tag-polizei","23":"tag-quellenhofweg","24":"tag-serie_polizeibericht","25":"tag-vw-polo"},"share_on_mastodon":{"url":"https:\/\/pubeurope.com\/@de\/115332974255218949","error":""},"_links":{"self":[{"href":"https:\/\/www.europesays.com\/de\/wp-json\/wp\/v2\/posts\/479996","targetHints":{"allow":["GET"]}}],"collection":[{"href":"https:\/\/www.europesays.com\/de\/wp-json\/wp\/v2\/posts"}],"about":[{"href":"https:\/\/www.europesays.com\/de\/wp-json\/wp\/v2\/types\/post"}],"author":[{"embeddable":true,"href":"https:\/\/www.europesays.com\/de\/wp-json\/wp\/v2\/users\/2"}],"replies":[{"embeddable":true,"href":"https:\/\/www.europesays.com\/de\/wp-json\/wp\/v2\/comments?post=479996"}],"version-history":[{"count":0,"href":"https:\/\/www.europesays.com\/de\/wp-json\/wp\/v2\/posts\/479996\/revisions"}],"wp:featuredmedia":[{"embeddable":true,"href":"https:\/\/www.europesays.com\/de\/wp-json\/wp\/v2\/media\/479997"}],"wp:attachment":[{"href":"https:\/\/www.europesays.com\/de\/wp-json\/wp\/v2\/media?parent=479996"}],"wp:term":[{"taxonomy":"category","embeddable":true,"href":"https:\/\/www.europesays.com\/de\/wp-json\/wp\/v2\/categories?post=479996"},{"taxonomy":"post_tag","embeddable":true,"href":"https:\/\/www.europesays.com\/de\/wp-json\/wp\/v2\/tags?post=479996"}],"curies":[{"name":"wp","href":"https:\/\/api.w.org\/{rel}","templated":true}]}}