{"id":480051,"date":"2025-10-07T13:20:18","date_gmt":"2025-10-07T13:20:18","guid":{"rendered":"https:\/\/www.europesays.com\/de\/480051\/"},"modified":"2025-10-07T13:20:18","modified_gmt":"2025-10-07T13:20:18","slug":"leser-zeigen-die-hotspots-der-stadt","status":"publish","type":"post","link":"https:\/\/www.europesays.com\/de\/480051\/","title":{"rendered":"Leser zeigen die Hotspots der Stadt"},"content":{"rendered":"<p>\t\tDortmunds M\u00fcllberge<br \/>\n\t\t\t\t\tLeser zeigen die Hotspots in der Stadt<\/p>\n<p>    <a href=\"https:\/\/www.ruhrnachrichten.de\/wp-content\/uploads\/2025\/10\/07\/12\/630_0900_5136144_-1648x824.jpg\" rel=\"nofollow noopener\" target=\"_blank\"><\/p>\n<p>            <img decoding=\"async\" fetchpriority=\"high\" src=\"https:\/\/www.europesays.com\/de\/wp-content\/uploads\/2025\/10\/630_0900_5136143_-632x428.jpg\" width=\"632\" height=\"428\"  alt=\"Foto-Collage aus Leserfotos, die illegale M\u00fcllhalden in Dortmund zeigen.\"\/><\/p>\n<p>    <\/a><br \/>\n    Leser aus Dortmund zeigen illegale M\u00fcllhalden mit Fotos. \u00a9 Montage: Redaktion<\/p>\n<p class=\"article__teaser-text\">Illegal abgeladener M\u00fcll stellt immer wieder ein gro\u00dfes \u00c4rgernis dar. Leserinnen und Leser aus Dortmund zeigen einige der Stellen mit ihren Fotos.<\/p>\n<p>2 Min Lesezeit<\/p>\n","protected":false},"excerpt":{"rendered":"Dortmunds M\u00fcllberge Leser zeigen die Hotspots in der Stadt Leser aus Dortmund zeigen illegale M\u00fcllhalden mit Fotos. \u00a9&hellip;\n","protected":false},"author":2,"featured_media":480052,"comment_status":"","ping_status":"","sticky":false,"template":"","format":"standard","meta":{"footnotes":""},"categories":[1833],"tags":[3364,29,217,30,121403,10388,1209],"class_list":{"0":"post-480051","1":"post","2":"type-post","3":"status-publish","4":"format-standard","5":"has-post-thumbnail","7":"category-dortmund","8":"tag-de","9":"tag-deutschland","10":"tag-dortmund","11":"tag-germany","12":"tag-illegale-muellhalden","13":"tag-natur-umwelt","14":"tag-nordrhein-westfalen"},"share_on_mastodon":{"url":"https:\/\/pubeurope.com\/@de\/115333092286716370","error":""},"_links":{"self":[{"href":"https:\/\/www.europesays.com\/de\/wp-json\/wp\/v2\/posts\/480051","targetHints":{"allow":["GET"]}}],"collection":[{"href":"https:\/\/www.europesays.com\/de\/wp-json\/wp\/v2\/posts"}],"about":[{"href":"https:\/\/www.europesays.com\/de\/wp-json\/wp\/v2\/types\/post"}],"author":[{"embeddable":true,"href":"https:\/\/www.europesays.com\/de\/wp-json\/wp\/v2\/users\/2"}],"replies":[{"embeddable":true,"href":"https:\/\/www.europesays.com\/de\/wp-json\/wp\/v2\/comments?post=480051"}],"version-history":[{"count":0,"href":"https:\/\/www.europesays.com\/de\/wp-json\/wp\/v2\/posts\/480051\/revisions"}],"wp:featuredmedia":[{"embeddable":true,"href":"https:\/\/www.europesays.com\/de\/wp-json\/wp\/v2\/media\/480052"}],"wp:attachment":[{"href":"https:\/\/www.europesays.com\/de\/wp-json\/wp\/v2\/media?parent=480051"}],"wp:term":[{"taxonomy":"category","embeddable":true,"href":"https:\/\/www.europesays.com\/de\/wp-json\/wp\/v2\/categories?post=480051"},{"taxonomy":"post_tag","embeddable":true,"href":"https:\/\/www.europesays.com\/de\/wp-json\/wp\/v2\/tags?post=480051"}],"curies":[{"name":"wp","href":"https:\/\/api.w.org\/{rel}","templated":true}]}}