{"id":480092,"date":"2025-10-07T13:43:12","date_gmt":"2025-10-07T13:43:12","guid":{"rendered":"https:\/\/www.europesays.com\/de\/480092\/"},"modified":"2025-10-07T13:43:12","modified_gmt":"2025-10-07T13:43:12","slug":"krimi-autor-klaus-peter-wolf-kommt-nach-wismar","status":"publish","type":"post","link":"https:\/\/www.europesays.com\/de\/480092\/","title":{"rendered":"Krimi-Autor Klaus-Peter Wolf kommt nach Wismar"},"content":{"rendered":"<p>Der Weihnachtsmannkiller<\/p>\n<p>Viele Bestseller: Krimi-Autor Klaus-Peter Wolf kommt nach Wismar<\/p>\n<p class=\"Textstyled__Text-sc-1cqv9mi-0 cLyiiX ArticleHeadstyled__ArticleSubHeadline-sc-tdzyy5-11 fXdZot\">Krimis sind seine Leidenschaft und gr\u00f6\u00dften Erfolge: Bestseller-Autor Klaus-Peter Wolf kommt nach Wismar &#8211; mit einem neuen Buch. Das verewigt auch die Hansestadt. <\/p>\n<p class=\"Textstyled__Text-sc-1cqv9mi-0 cLyiiX\">Wismar. Es d\u00fcrfte ein toller Abend f\u00fcr Krimi-Fans werden: Am Mittwoch, den 19. November, pr\u00e4sentiert Klaus-Peter Wolf sein neues Buch \u201eDer Weihnachtsmannkiller 3\u201c im Zeughaus (Ulmenstra\u00dfe 15) in Wismar. Die erste H\u00e4lfte der Geschichte spielt in der Hansestadt. Die Lesung beginnt um 19.30 Uhr, der Eintritt kostet 15 Euro. Veranstalter ist die Buchhandlung Hugendubel.<\/p>\n<p>Weiterlesen nach der Anzeige<\/p>\n<p>Weiterlesen nach der Anzeige<\/p>\n<p class=\"Textstyled__Text-sc-1cqv9mi-0 cLyiiX\">Klaus-Peter Wolf, 1954 in Gelsenkirchen geboren, lebt als freier Schriftsteller in Ostfriesland. Wie seine Kommissarin Ann Kathrin Klaasen ist er nach langen Jahren im Ruhrgebiet, im Westerwald und in K\u00f6ln an die K\u00fcste gezogen.<\/p>\n<p><img decoding=\"async\" alt=\"\" loading=\"lazy\"  src=\"https:\/\/www.europesays.com\/de\/wp-content\/uploads\/2025\/10\/3FWQVVEDNVFLHHFQVVEC7DNTVA.png\" \/>oz-wismar-5-in-5<\/p>\n<p class=\"CallToActionBasestyled__Text-sc-1k69918-5 fbjGwD\">In unserem Newsletter \u201e5in5\u201c erhalten Sie von Montag bis Freitag die f\u00fcnf Themen, die am Tag in Ihrer Region wichtig werden. Jetzt kostenfrei anmelden!<\/p>\n<p>Viele preisgekr\u00f6nte B\u00fccher<\/p>\n<p class=\"Textstyled__Text-sc-1cqv9mi-0 cLyiiX\">Er ist der Erfinder der Ostfrieslandkrimis. 20 seiner Romane erreichten Platz 1 der Spiegel-Bestsellerliste f\u00fcr Taschenb\u00fccher und hielten sich dort \u00fcber Monate. Das ZDF kaufte die Filmrechte und strahlt die Verfilmungen seit 2017 als Samstagskrimis aus.<\/p>\n<p>Weiterlesen nach der Anzeige<\/p>\n<p>Weiterlesen nach der Anzeige<\/p>\n<p class=\"Textstyled__Text-sc-1cqv9mi-0 cLyiiX\">Klaus-Peter Wolfs B\u00fccher und Filme wurden in den vergangenen Jahren mit zahlreichen Preisen ausgezeichnet. Bislang wurden seine B\u00fccher in 26 Sprachen \u00fcbersetzt und 15 Millionen Mal verkauft. Mittlerweile sind mehr als 60 seiner Drehb\u00fccher verfilmt worden, darunter viele f\u00fcr die beliebten Krimiserien \u201eTatort\u201c und \u201ePolizeiruf 110\u2033.<\/p>\n<p class=\"Editorialstyled__Editorial-sc-1bfvh9l-0 cSmjnJ\">OZ<\/p>\n","protected":false},"excerpt":{"rendered":"Der Weihnachtsmannkiller Viele Bestseller: Krimi-Autor Klaus-Peter Wolf kommt nach Wismar Krimis sind seine Leidenschaft und gr\u00f6\u00dften Erfolge: Bestseller-Autor&hellip;\n","protected":false},"author":2,"featured_media":480093,"comment_status":"","ping_status":"","sticky":false,"template":"","format":"standard","meta":{"footnotes":""},"categories":[1774],"tags":[1784,1785,29,214,30,215],"class_list":{"0":"post-480092","1":"post","2":"type-post","3":"status-publish","4":"format-standard","5":"has-post-thumbnail","7":"category-buecher","8":"tag-books","9":"tag-buecher","10":"tag-deutschland","11":"tag-entertainment","12":"tag-germany","13":"tag-unterhaltung"},"share_on_mastodon":{"url":"https:\/\/pubeurope.com\/@de\/115333183255316270","error":""},"_links":{"self":[{"href":"https:\/\/www.europesays.com\/de\/wp-json\/wp\/v2\/posts\/480092","targetHints":{"allow":["GET"]}}],"collection":[{"href":"https:\/\/www.europesays.com\/de\/wp-json\/wp\/v2\/posts"}],"about":[{"href":"https:\/\/www.europesays.com\/de\/wp-json\/wp\/v2\/types\/post"}],"author":[{"embeddable":true,"href":"https:\/\/www.europesays.com\/de\/wp-json\/wp\/v2\/users\/2"}],"replies":[{"embeddable":true,"href":"https:\/\/www.europesays.com\/de\/wp-json\/wp\/v2\/comments?post=480092"}],"version-history":[{"count":0,"href":"https:\/\/www.europesays.com\/de\/wp-json\/wp\/v2\/posts\/480092\/revisions"}],"wp:featuredmedia":[{"embeddable":true,"href":"https:\/\/www.europesays.com\/de\/wp-json\/wp\/v2\/media\/480093"}],"wp:attachment":[{"href":"https:\/\/www.europesays.com\/de\/wp-json\/wp\/v2\/media?parent=480092"}],"wp:term":[{"taxonomy":"category","embeddable":true,"href":"https:\/\/www.europesays.com\/de\/wp-json\/wp\/v2\/categories?post=480092"},{"taxonomy":"post_tag","embeddable":true,"href":"https:\/\/www.europesays.com\/de\/wp-json\/wp\/v2\/tags?post=480092"}],"curies":[{"name":"wp","href":"https:\/\/api.w.org\/{rel}","templated":true}]}}