{"id":480530,"date":"2025-10-07T17:44:17","date_gmt":"2025-10-07T17:44:17","guid":{"rendered":"https:\/\/www.europesays.com\/de\/480530\/"},"modified":"2025-10-07T17:44:17","modified_gmt":"2025-10-07T17:44:17","slug":"buecher-von-christian-linker-zu-gewinnen","status":"publish","type":"post","link":"https:\/\/www.europesays.com\/de\/480530\/","title":{"rendered":"B\u00fccher von Christian Linker zu gewinnen"},"content":{"rendered":"<p>Exklusiv f\u00fcr Vorteilscard-Inhaber verlosen wir 3 B\u00fccher &#8222;Wenn die Welt unsere w\u00e4re&#8220; von Christian Linker. Teilnahme m\u00f6glich bis 14. Oktober 2025. Stichwort: Welt<\/p>\n<p><a href=\"https:\/\/www.onetz.de\/f\/ic\/ga-large\/articlemedia\/2025\/10\/07\/fb4a2cc3-ff17-411d-8411-da8a67f173f9.jpg\" class=\"ps-item\" data-psg=\"https:\/\/www.onetz.de\/oberpfalz\/oberpfalz\/1\" data-size=\"622x960\" data-caption=\"&lt;div&gt;Bild: dtv&lt;\/div&gt;Ein emotionaler und hoch spannender Roman von Christian Linker.\" target=\"_blank\" rel=\"noopener\"><img loading=\"lazy\" decoding=\"async\" src=\"https:\/\/www.europesays.com\/de\/wp-content\/uploads\/2025\/10\/fb4a2cc3-ff17-411d-8411-da8a67f173f9.jpg\" alt=\"Ein emotionaler und hoch spannender Roman von Christian Linker. Bild: dtv\" title=\"\" width=\"805\" height=\"453\" class=\"img-responsive\"\/><\/a><\/p>\n<p>Ein emotionaler und hoch spannender Roman von Christian Linker.<\/p>\n<p>Bild: dtv<\/p>\n<p>Drei Jugendliche ringen um ihre Freiheit: Harry k\u00e4mpft sich durch die Ruinen der Nachkriegszeit, Jennifer landet wegen ihrer Regimekritik im brutalsten Jugendwerkhof der DDR und in der heutigen Zeit sieht sich der Slam-Poet Nadiem bei seinem ersten gro\u00dfen Auftritt einem rechten Mob gegen\u00fcber. Jahrzehnte trennen diese Geschichten voneinander und doch verbindet sie neben einem famili\u00e4ren Geflecht der Wunsch nach Freiheit und Selbstbestimmung, mit dem die drei Jugendlichen schnell an Grenzen sto\u00dfen. Der Autor Christian Linker beschreibt in seinem neuen Werk eine bewegende, aufr\u00fcttelnde Auseinandersetzung damit, was es hei\u00dft, f\u00fcr Freiheit zu k\u00e4mpfen.<\/p>\n<p>Verlosung:<\/p>\n<p>Teilnehmen und gewinnen!<\/p>\n<ul>\n<p>Online unter <a href=\"https:\/\/www.onetz.de\/vcspezial\" target=\"_blank\" rel=\"noopener\">www.onetz.de\/vcspezial<\/a> oder per Telefon unter 01378\/803249 Vergessen Sie nicht, Ihre vollst\u00e4ndige Adresse sowie Ihre Vorteilscard-Nummer anzugeben. <\/p>\n<p>Hinweis: Telemedia Interactive GmbH; pro Anruf 50 ct aus dem deutschen Festnetz und Mobilfunk. <\/p>\n<p><a href=\"https:\/\/www.onetz.de\/teilnahmebedingungen\" target=\"_blank\" rel=\"noopener\">Teilnahmebedingungen<\/a><\/p>\n<\/ul>\n","protected":false},"excerpt":{"rendered":"Exklusiv f\u00fcr Vorteilscard-Inhaber verlosen wir 3 B\u00fccher &#8222;Wenn die Welt unsere w\u00e4re&#8220; von Christian Linker. Teilnahme m\u00f6glich bis&hellip;\n","protected":false},"author":2,"featured_media":480531,"comment_status":"","ping_status":"","sticky":false,"template":"","format":"standard","meta":{"footnotes":""},"categories":[1774],"tags":[1784,1785,29,214,30,9465,12238,7489,215,3011,12239],"class_list":{"0":"post-480530","1":"post","2":"type-post","3":"status-publish","4":"format-standard","5":"has-post-thumbnail","7":"category-buecher","8":"tag-books","9":"tag-buecher","10":"tag-deutschland","11":"tag-entertainment","12":"tag-germany","13":"tag-oberpfalz","14":"tag-pr-redaktion","15":"tag-region-bayern","16":"tag-unterhaltung","17":"tag-verlosung","18":"tag-vorteilscard"},"share_on_mastodon":{"url":"https:\/\/pubeurope.com\/@de\/115334130750963746","error":""},"_links":{"self":[{"href":"https:\/\/www.europesays.com\/de\/wp-json\/wp\/v2\/posts\/480530","targetHints":{"allow":["GET"]}}],"collection":[{"href":"https:\/\/www.europesays.com\/de\/wp-json\/wp\/v2\/posts"}],"about":[{"href":"https:\/\/www.europesays.com\/de\/wp-json\/wp\/v2\/types\/post"}],"author":[{"embeddable":true,"href":"https:\/\/www.europesays.com\/de\/wp-json\/wp\/v2\/users\/2"}],"replies":[{"embeddable":true,"href":"https:\/\/www.europesays.com\/de\/wp-json\/wp\/v2\/comments?post=480530"}],"version-history":[{"count":0,"href":"https:\/\/www.europesays.com\/de\/wp-json\/wp\/v2\/posts\/480530\/revisions"}],"wp:featuredmedia":[{"embeddable":true,"href":"https:\/\/www.europesays.com\/de\/wp-json\/wp\/v2\/media\/480531"}],"wp:attachment":[{"href":"https:\/\/www.europesays.com\/de\/wp-json\/wp\/v2\/media?parent=480530"}],"wp:term":[{"taxonomy":"category","embeddable":true,"href":"https:\/\/www.europesays.com\/de\/wp-json\/wp\/v2\/categories?post=480530"},{"taxonomy":"post_tag","embeddable":true,"href":"https:\/\/www.europesays.com\/de\/wp-json\/wp\/v2\/tags?post=480530"}],"curies":[{"name":"wp","href":"https:\/\/api.w.org\/{rel}","templated":true}]}}