{"id":480661,"date":"2025-10-07T18:59:21","date_gmt":"2025-10-07T18:59:21","guid":{"rendered":"https:\/\/www.europesays.com\/de\/480661\/"},"modified":"2025-10-07T18:59:21","modified_gmt":"2025-10-07T18:59:21","slug":"berlin-ausstellung-zeigt-horror-des-nova-festivals-in-israel-news","status":"publish","type":"post","link":"https:\/\/www.europesays.com\/de\/480661\/","title":{"rendered":"Berlin: Ausstellung zeigt Horror des Nova-Festivals in Israel | News"},"content":{"rendered":"<p>Die Ausstellung \u201eThe Nova Exhibition\u201c in Berlin auf dem ehemaligen Flughafen Tempelhof erinnert an den Horror des 7. Oktober auf einem Musikfestival in Israel. Einer der Macher, Ofir Amir (42), \u00fcberlebte das Hamas-Massaker nur knapp. Das ist seine Geschichte. <\/p>\n<p>Auch interessant<\/p>\n<p>Anzeige<\/p>\n<p>Auch interessant<\/p>\n<p>Anzeige<\/p>\n<p>Berlin \u2013 <b>Ofir Amir sagt, die Nacht vom 6. Oktober 2023 auf den 7. in <\/b><a href=\"https:\/\/www.bild.de\/news\/ausland\/palaestinenser-terror-in-der-nacht-raketen-beschuss-auf-israel-85661094.bild.html\" class=\"text-link\" target=\"_blank\" rel=\"noopener\"><b>Israel<\/b><\/a><b> war magisch. Mit Freunden hatte er seit Jahren Trance-Festivals in der Natur veranstaltet, und das \u201eNova-Festival\u201c in der N\u00e4he von Gaza war das gr\u00f6\u00dfte. 4000 Menschen aus der ganzen Welt waren zusammengekommen, um das Leben zu feiern. <\/b><\/p>\n<p>Als am 7. Oktober die Sonne aufging, stand Ofir Amir gerade am DJ-Pult und erlebte, wie die Masse in Ekstase tanzte. Da flogen auf einmal hunderte Raketen aus Gaza. Schnell war klar: Der Raketenabwehrschild Iron Dome w\u00fcrde diese Massen schwer aufhalten k\u00f6nnen. Erste Nachrichten kamen, dass Terroristen nach Israel vorgedrungen waren. Da h\u00f6rte Amir auch schon die ersten Sch\u00fcsse. Die Hamas-M\u00f6rder waren da. <\/p>\n<p><img decoding=\"async\" width=\"992\" height=\"558\" alt=\"Ein Hamas-M\u00f6rder schie\u00dft am 7. Oktober 2023 in einen Raketen-Schutzraum am Nova-Festival. Hier hatten sich viele zuvor Feiernde in Panik versteckt\" src=\"https:\/\/www.europesays.com\/de\/wp-content\/uploads\/2025\/10\/76611e946d654816bff4610c3a715995,959a6d81\"   class=\"landscape\" loading=\"lazy\"\/><\/p>\n<p class=\"fig__caption__text\">Ein Hamas-M\u00f6rder schie\u00dft am 7. Oktober 2023 in einen Raketenschutzraum am Nova-Festival. Hier hatten sich viele zuvor Feiernde in Panik versteckt<\/p>\n<p>Foto:  <\/p>\n<p>Er und sechs Freunde quetschten sich in einen BMW, versuchten, dem Blutbad zu entfliehen. \u201eZwei Kugeln schlugen durch die T\u00fcr und trafen meine Beine\u201c, sagt er.<\/p>\n<p><b>Der Fahrer dr\u00fcckte aufs Gas, und sie entkamen f\u00fcrs Erste. Amir rief seine Frau an. Sie war im 9. Monat schwanger. Er log sie an, sagte, dass alles in Ordnung sei. Er wollte nicht, dass ihr oder dem Ungeborenen aus Panik etwas zust\u00f6\u00dft.<\/b><\/p>\n<p><img decoding=\"async\" width=\"992\" height=\"558\" alt=\"Ofir Amir hat den Terror vom 7. Oktober knapp \u00fcberlebt. Er wuchs bis zu seinem 11. Lebensjahr in Deutschland auf und spricht flie\u00dfend Deutsch. Seine Gro\u00dfeltern aus Berlin hatten den Holocaust \u00fcberlebt\" src=\"https:\/\/www.europesays.com\/de\/wp-content\/uploads\/2025\/10\/2802030826c605be76e681d0c03e32c6,6533e3cb\"   class=\"landscape\" loading=\"lazy\"\/><\/p>\n<p class=\"fig__caption__text\">Ofir Amir (42) hat den Terror vom 7. Oktober knapp \u00fcberlebt. Er wuchs bis zu seinem 11. Lebensjahr in Deutschland auf und spricht flie\u00dfend Deutsch. Seine Gro\u00dfeltern aus Berlin hatten den Holocaust \u00fcberlebt<\/p>\n<p>Foto: Tom Shohat<\/p>\n<p>Flucht in den Orangenhain<\/p>\n<p><b>Auf der Stra\u00dfe wurden sie nochmals beschossen, danach gab der davon besch\u00e4digte Motor seinen Geist auf. Der Fahrer rollte mit letzter Kraft in einen Orangenhain, die Freunde schlugen sich in die B\u00fcsche, ein weiterer Schwerverletzter blieb auf der Beifahrerseite sitzen. Ofir Amir schaffte es nur auf den Boden vor der Hinterbank.<\/b><\/p>\n<p><img decoding=\"async\" width=\"992\" height=\"1178\" alt=\"Als Ofir Amir schwer verletzt im Orangenhain lag, legte er sein verletztes Bein hoch. Immer wieder wurde er ohnm\u00e4chtig, die ganze Zeit versuchte er, seine Frau zu beruhigen\" src=\"https:\/\/www.europesays.com\/de\/wp-content\/uploads\/2025\/10\/babfb47c49f2a286294d386850b0a9af,a2b2c6c7\"   class=\"portrait\" loading=\"lazy\"\/><\/p>\n<p class=\"fig__caption__text\">Als Ofir Amir schwer verletzt im Orangenhain lag, legte er sein verletztes Bein hoch. Immer wieder wurde er ohnm\u00e4chtig, die ganze Zeit versuchte er, seine Frau zu beruhigen<\/p>\n<p>Foto: Ofir Amir<\/p>\n<p>\u201eIch lag da vier Stunden, und es gelang mir, meine Beine mit T-Shirts abzubinden\u201c, sagt er. Seine Frau beruhigte er weiter, w\u00e4hrend er um sich herum die Sch\u00fcsse der M\u00f6rder h\u00f6rte. Der Verletzte, der im Auto sitzen geblieben war, starb an einer Halswunde. Schlie\u00dflich wurden sie von israelischen Zivilisten geborgen.<\/p>\n<p><b>Heute kann Amir wieder laufen. Seine Tochter Eliana ist vier Wochen nach der Terror-Attacke zur Welt gekommen. Mit anderen \u00dcberlebenden hat er eine Ausstellung entworfen, die an den Horror des 7. Oktober erinnern soll. <\/b><\/p>\n<p><img decoding=\"async\" width=\"992\" height=\"1178\" alt=\"Im Krankenhaus konnte Amirs Frau ihn wieder in die Arme schlie\u00dfen\" src=\"https:\/\/www.europesays.com\/de\/wp-content\/uploads\/2025\/10\/0e329b3988163549a41533bb130299fe,24bf89d6\"   class=\"portrait\" loading=\"lazy\"\/><\/p>\n<p class=\"fig__caption__text\">Im Krankenhaus konnte Amir wieder von seiner Frau in die Arme geschlossen werden<\/p>\n<p>Foto: Ofir Amir<\/p>\n<p>Vom 7. Oktober bis 16. November 2025 kommt diese Ausstellung nach <a href=\"https:\/\/www.bild.de\/regional\/berlin\/berlin-regional\/home-15823246.bild.html\" class=\"text-link\" target=\"_blank\" rel=\"noopener\">Berlin<\/a>. Alle Exponate stammen vom Original-Festivalgel\u00e4nde, darunter zerschossene Dixie-Klos, Zelte, Batik-T\u00fccher. Ein Nachbau eines Raketen-Bunkers, in dem sich bis zu 40 Menschen versteckten und die meisten davon mit Granaten ermordet wurden. \u00dcberlebende werden als Zeugen vor Ort sein; in Amerika fand die Wanderausstellung mehr als eine halbe Million Besucher. <\/p>\n<p><img decoding=\"async\" width=\"992\" height=\"558\" alt=\"Ein Original-Zelt vom Festival-Gel\u00e4nde\" src=\"https:\/\/www.europesays.com\/de\/wp-content\/uploads\/2025\/10\/0e4d3a4d1628d55943cc9bf577e21eac,809603d7\"   class=\"landscape\" loading=\"lazy\"\/><\/p>\n<p class=\"fig__caption__text\">Ein Original-Zelt vom Festival-Gel\u00e4nde<\/p>\n<p>Foto: The Nova Exhibition<\/p>\n<p>Einer von Ofir Amirs besten Freunden, Elkana Bohbot (36), ist immer noch in Geiselhaft in Gaza. \u201e411 Festival-Besucher wurden ermordet, 44 nach Gaza verschleppt. Etwa 700 der \u00dcberlebenden trauen sich bis heute nicht aus dem Haus. Wir wollen, dass die Menschen das nicht vergessen\u201c, sagt Amir.<\/p>\n<p><img decoding=\"async\" width=\"992\" height=\"558\" alt=\"Eine Gedenkwand mit Fotos der Terror-Opfer ist auch Teil der Ausstellung\" src=\"https:\/\/www.europesays.com\/de\/wp-content\/uploads\/2025\/10\/a670157fa7ab8c29e93243e736e91bcd,524ad7fd\"   class=\"landscape\" loading=\"lazy\"\/><\/p>\n<p class=\"fig__caption__text\">Eine Gedenkwand mit Fotos der Terror-Opfer ist auch Teil der Ausstellung<\/p>\n<p>Foto: The Nova Exhibition<\/p>\n<p>Was ist Amirs Hoffnung?<\/p>\n<p><b>Was ist seine Hoffnung f\u00fcr Israel und die Pal\u00e4stinenser? <\/b><\/p>\n<p>Mehr zum Thema<\/p>\n<p>Amir: \u201eKrieg ist niemals gut. Aber die Pro-Pal\u00e4stina-Demonstranten wissen oft nicht einmal, wof\u00fcr sie demonstrieren. Ich hoffe, dass der Tag kommt, an dem wir wieder miteinander leben k\u00f6nnen.\u201c Sollte es Anti-Israel-Proteste bei der Ausstellung geben, w\u00fcrde er die Demonstranten einladen, zu reden. \u201eWir hassen nicht\u201c, sagt er. <\/p>\n<p><img decoding=\"async\" width=\"992\" height=\"558\" alt=\"Pro-Pal\u00e4stina Demo in Berlin\" src=\"https:\/\/www.europesays.com\/de\/wp-content\/uploads\/2025\/10\/ffbd65e50419d01362d9c397c217acf6,a8961b8a\"   class=\"landscape\" loading=\"lazy\"\/><\/p>\n<p class=\"fig__caption__text\">Bei dieser Pro-Pal\u00e4stina-Demo in Berlin wird ein Transparent mit der Aufschrift \u201eFrom every river to every sea\u201c gezeigt   \u2013  so soll offenbar die verbotene Parole \u201eFrom the river to the sea\u201c umgangen werden, die eine Ausl\u00f6schung Israels fordert<\/p>\n<p>Foto: Olaf Selchow<\/p>\n<p><b>Und er hofft, dass ein Festival wie Nova bald wieder in Israel m\u00f6glich ist \u2013 ohne Angst vor Terror. Amir: \u201eWir werden wieder tanzen!\u201c<\/b><\/p>\n","protected":false},"excerpt":{"rendered":"Die Ausstellung \u201eThe Nova Exhibition\u201c in Berlin auf dem ehemaligen Flughafen Tempelhof erinnert an den Horror des 7.&hellip;\n","protected":false},"author":2,"featured_media":480662,"comment_status":"","ping_status":"","sticky":false,"template":"","format":"standard","meta":{"footnotes":""},"categories":[1825],"tags":[296,29,739,2547,30,410,411,19462,45],"class_list":{"0":"post-480661","1":"post","2":"type-post","3":"status-publish","4":"format-standard","5":"has-post-thumbnail","7":"category-berlin","8":"tag-berlin","9":"tag-deutschland","10":"tag-gaza","11":"tag-gaza-streifen","12":"tag-germany","13":"tag-hamas","14":"tag-israel","15":"tag-nahost-konflikt","16":"tag-texttospeech"},"share_on_mastodon":{"url":"https:\/\/pubeurope.com\/@de\/115334425407400218","error":""},"_links":{"self":[{"href":"https:\/\/www.europesays.com\/de\/wp-json\/wp\/v2\/posts\/480661","targetHints":{"allow":["GET"]}}],"collection":[{"href":"https:\/\/www.europesays.com\/de\/wp-json\/wp\/v2\/posts"}],"about":[{"href":"https:\/\/www.europesays.com\/de\/wp-json\/wp\/v2\/types\/post"}],"author":[{"embeddable":true,"href":"https:\/\/www.europesays.com\/de\/wp-json\/wp\/v2\/users\/2"}],"replies":[{"embeddable":true,"href":"https:\/\/www.europesays.com\/de\/wp-json\/wp\/v2\/comments?post=480661"}],"version-history":[{"count":0,"href":"https:\/\/www.europesays.com\/de\/wp-json\/wp\/v2\/posts\/480661\/revisions"}],"wp:featuredmedia":[{"embeddable":true,"href":"https:\/\/www.europesays.com\/de\/wp-json\/wp\/v2\/media\/480662"}],"wp:attachment":[{"href":"https:\/\/www.europesays.com\/de\/wp-json\/wp\/v2\/media?parent=480661"}],"wp:term":[{"taxonomy":"category","embeddable":true,"href":"https:\/\/www.europesays.com\/de\/wp-json\/wp\/v2\/categories?post=480661"},{"taxonomy":"post_tag","embeddable":true,"href":"https:\/\/www.europesays.com\/de\/wp-json\/wp\/v2\/tags?post=480661"}],"curies":[{"name":"wp","href":"https:\/\/api.w.org\/{rel}","templated":true}]}}