{"id":480851,"date":"2025-10-07T20:48:14","date_gmt":"2025-10-07T20:48:14","guid":{"rendered":"https:\/\/www.europesays.com\/de\/480851\/"},"modified":"2025-10-07T20:48:14","modified_gmt":"2025-10-07T20:48:14","slug":"luftwaffe-trainiert-fuer-den-ernstfall-auch-an-zivilen-flughaefen","status":"publish","type":"post","link":"https:\/\/www.europesays.com\/de\/480851\/","title":{"rendered":"Luftwaffe trainiert f\u00fcr den Ernstfall &#8211; auch an zivilen Flugh\u00e4fen"},"content":{"rendered":"<p>        <img decoding=\"async\" src=\"https:\/\/www.europesays.com\/de\/wp-content\/uploads\/2025\/10\/richthofen-104.webp\" alt=\"Ein Eurofighter steht auf einem Flugfeld in Bremen f\u00fcr eine \u00dcbung der Nato. \" title=\"Ein Eurofighter steht auf einem Flugfeld in Bremen f\u00fcr eine \u00dcbung der Nato.  | Bundeswehr, Francis Hildemann\" class=\"responsive\"\/><\/p>\n<p>\n            Stand: 07.10.2025 18:32 Uhr<\/p>\n<p class=\"preface\">Diese Woche probt die Luftwaffe den Ernstfall. Im Zuge dessen finden auf den Flugh\u00e4fen Bremen, M\u00fcnster-Osnabr\u00fcck und dem Fliegerhorst in Upjever (Landkreis Friesland) Starts und Landungen von &#8222;Eurofightern&#8220; statt.<\/p>\n<p class=\"\">Im Ernstfall k\u00f6nnen zivile Flugh\u00e4fen wichtige Start- und Landealternativen f\u00fcr Milit\u00e4rflugzeuge sein, teilte die Bundeswehr mit. Die aktuelle \u00dcbung tr\u00e4gt den Namen &#8222;Richthofen Shield 2025&#8220; und soll auf m\u00f6gliche Angriffe vorbereiten &#8211; etwa auf den Milit\u00e4rflugplatz in Wittmund. Dort ist das &#8222;Taktische Luftwaffengeschwader Richthofen&#8220; beheimatet. Bei der \u00dcbung werden Milit\u00e4rflugzeuge auf den Flugh\u00e4fen auch betankt &#8211; mit Hilfe ziviler Tankwarte, so die Bundeswehr.<\/p>\n<p>    Zusammenarbeit mit zivilen Flugh\u00e4fen st\u00e4rken<\/p>\n<p class=\"\">Im Rahmen der \u00dcbung soll die Luftwaffe die Integration milit\u00e4rischer Abl\u00e4ufe in zivile Strukturen trainieren, ebenso wie die Absprachen zwischen Milit\u00e4r und Zivilkr\u00e4ften. Das \u00dcbungskonzept basiert auf einer NATO-Vorgabe, wie ein Sprecher der Bundeswehr dem NDR Niedersachsen sagte. Wegen der aktuellen politischen Lage werde nun verst\u00e4rkt trainiert, so der Sprecher. Ziel sei es, den zivilen Flugbetrieb dabei so wenig wie m\u00f6glich einzuschr\u00e4nken. Die \u00dcbung fand am Montag auf dem Bremer Flughafen (BRE) und am Dienstag auf dem ehemaligen Milit\u00e4rflugplatz in Upjever (Landkreis Friesland) statt. Am Mittwochen sollen die Eurofighter dann auf dem Flughafen M\u00fcnster-Osnabr\u00fcck (FMO) starten und landen.<\/p>\n<p>        <img decoding=\"async\" src=\"https:\/\/www.europesays.com\/de\/wp-content\/uploads\/2025\/10\/transportflugzeug-104.webp\" alt=\"Ein Transportflugzeug der Bundeswehr vom Typ C-130J befindet sich in der Luft.\" title=\"Ein Transportflugzeug der Bundeswehr vom Typ C-130J befindet sich in der Luft. | picture alliance \/ ABBfoto\" class=\"responsive\" loading=\"lazy\"\/><\/p>\n<p>Das Flugzeug ist laut Verteidigungsministerium nicht besch\u00e4digt worden. Auch verletzt wurde niemand. Die Polizei ermittelt.<\/p>\n<p>        <img decoding=\"async\" src=\"https:\/\/www.europesays.com\/de\/wp-content\/uploads\/2025\/10\/flugzeug-276.webp\" alt=\"Ein Transportflugzeug der Luftwaffe fliegt vor blauem Himmel.\" title=\"ID: 533766890 | picture alliance, Joerg Waterstraat SULUPRESS.DE\" class=\"responsive\" loading=\"lazy\"\/><\/p>\n<p>Seit Dienstag m\u00fcssen sich Anwohnende in Schortens und Jever in den Mittagsstunden auf gro\u00dfe Lautst\u00e4rke einstellen. <\/p>\n<p>        <img decoding=\"async\" src=\"https:\/\/www.europesays.com\/de\/wp-content\/uploads\/2025\/10\/luftbruecke-122.webp\" alt=\"Blick aus einem Transportflugzeug A400M der Luftwaffe, aus dem gerade Hilfsg\u00fcter \u00fcber Gaza abgeworfen wurden.\" title=\"Blick aus einem Transportflugzeug A400M der Luftwaffe, aus dem gerade Hilfsg\u00fcter \u00fcber Gaza abgeworfen wurden. | TeleNewsNetwork\" class=\"responsive\" loading=\"lazy\"\/><\/p>\n<p>Auch zwei Flugzeuge der Luftwaffe vom Typ A400M aus Wunstorf verteilen die G\u00fcter. Zuletzt gab es Kritik an der Aktion.<\/p>\n","protected":false},"excerpt":{"rendered":"Stand: 07.10.2025 18:32 Uhr Diese Woche probt die Luftwaffe den Ernstfall. Im Zuge dessen finden auf den Flugh\u00e4fen&hellip;\n","protected":false},"author":2,"featured_media":480852,"comment_status":"","ping_status":"","sticky":false,"template":"","format":"standard","meta":{"footnotes":""},"categories":[1843],"tags":[685,3364,29,22299,2109,30,1480,451,8970,1411,1209,10092,7542],"class_list":{"0":"post-480851","1":"post","2":"type-post","3":"status-publish","4":"format-standard","5":"has-post-thumbnail","7":"category-muenster","8":"tag-bundeswehr","9":"tag-de","10":"tag-deutschland","11":"tag-eurofighter","12":"tag-flughafen","13":"tag-germany","14":"tag-luftwaffe","15":"tag-militaer","16":"tag-muenster","17":"tag-niedersachsen","18":"tag-nordrhein-westfalen","19":"tag-uebung","20":"tag-zivil"},"share_on_mastodon":{"url":"https:\/\/pubeurope.com\/@de\/115334854102423304","error":""},"_links":{"self":[{"href":"https:\/\/www.europesays.com\/de\/wp-json\/wp\/v2\/posts\/480851","targetHints":{"allow":["GET"]}}],"collection":[{"href":"https:\/\/www.europesays.com\/de\/wp-json\/wp\/v2\/posts"}],"about":[{"href":"https:\/\/www.europesays.com\/de\/wp-json\/wp\/v2\/types\/post"}],"author":[{"embeddable":true,"href":"https:\/\/www.europesays.com\/de\/wp-json\/wp\/v2\/users\/2"}],"replies":[{"embeddable":true,"href":"https:\/\/www.europesays.com\/de\/wp-json\/wp\/v2\/comments?post=480851"}],"version-history":[{"count":0,"href":"https:\/\/www.europesays.com\/de\/wp-json\/wp\/v2\/posts\/480851\/revisions"}],"wp:featuredmedia":[{"embeddable":true,"href":"https:\/\/www.europesays.com\/de\/wp-json\/wp\/v2\/media\/480852"}],"wp:attachment":[{"href":"https:\/\/www.europesays.com\/de\/wp-json\/wp\/v2\/media?parent=480851"}],"wp:term":[{"taxonomy":"category","embeddable":true,"href":"https:\/\/www.europesays.com\/de\/wp-json\/wp\/v2\/categories?post=480851"},{"taxonomy":"post_tag","embeddable":true,"href":"https:\/\/www.europesays.com\/de\/wp-json\/wp\/v2\/tags?post=480851"}],"curies":[{"name":"wp","href":"https:\/\/api.w.org\/{rel}","templated":true}]}}