{"id":480870,"date":"2025-10-07T20:58:12","date_gmt":"2025-10-07T20:58:12","guid":{"rendered":"https:\/\/www.europesays.com\/de\/480870\/"},"modified":"2025-10-07T20:58:12","modified_gmt":"2025-10-07T20:58:12","slug":"liveblog-usa-unter-trump-chicagos-klage-gegen-nationalgardisten-vorerst-erfolglos","status":"publish","type":"post","link":"https:\/\/www.europesays.com\/de\/480870\/","title":{"rendered":"Liveblog USA unter Trump: Chicagos Klage gegen Nationalgardisten vorerst erfolglos"},"content":{"rendered":"<p>Laut US-Medien k\u00f6nnten schon <strong>bald Nationalgardisten in der Region Chicago eintreffen<\/strong>. Der Versuch des Bundesstaats Illinois und der Millionenstadt, einen solchen Einsatz zu stoppen, blieb zun\u00e4chst ohne Erfolg: Die zust\u00e4ndige Richterin wolle <strong>fr\u00fchestens am Donnerstag \u00fcber eine einstweilige Verf\u00fcgung entscheiden<\/strong>, hie\u00df es in Medienberichten. Die Trump-Regierung hatte angeordnet, rund 300 Nationalgardisten aus Illinois unter Bundeskontrolle zu stellen, um dort Bundesbeamte und Bundeseigentum zu sch\u00fctzen.<\/p>\n<p>Dar\u00fcber hinaus soll Trump 400 <strong>Nationalgardisten aus dem republikanisch regierten Texas einberufen<\/strong> haben, um sie in Illinois, Oregon und andernorts in den USA einzusetzen. Das hatte zuerst der Gouverneur von Illinois, JB Pritzker, in der Nacht zum Montag bekannt gemacht. Die \u201eNew York Times\u201c berichtete unter Berufung auf Milit\u00e4rkreise, 200 texanische Nationalgardisten sollten am Montag nach Chicago fliegen, um dort im Lauf der Woche ihren Einsatz zu beginnen. Der texanische Gouverneur Greg Abbott postete am sp\u00e4ten Montagabend auf X ein<strong> Foto von Soldaten der texanischen Nationalgarde, die ein Flugzeug besteigen, begleitet von den Worten: \u201eJederzeit bereit. Jetzt im Einsatz.\u201c<\/strong><\/p>\n<p>Der Bundesstaat <strong>Illinois und die Stadt Chicago hatten zusammen Klage gegen die Einsatzpl\u00e4ne eingereicht<\/strong>. Sie argumentierten, es sei rechtswidrig, dass Trump und seine Regierung Nationalgardisten unter Bundeskontrolle stellen, um in der Stadt gegen angeblich ausufernde Kriminalit\u00e4t und gegen Proteste wegen der Razzien der Migrationsbeh\u00f6rde ICE vorzugehen. Pritzker beschuldigte Trump, <strong>einem regelrechten \u201eDrehbuch\u201c zu folgen: <\/strong>Er sch\u00fcre Angst und lasse weitgehend friedliche Demonstranten als Bedrohung erscheinen. Pritzker warf Trump weiter vor, <strong>gezielt eine Eskalation herbeizuf\u00fchren<\/strong>, um sich dann auf den Insurrection Act berufen und gegen den Willen des Gouverneurs eingreifen zu k\u00f6nnen. \u201eWir m\u00fcssen nun anfangen, es als das zu bezeichnen, was es ist: <strong>Trumps Invasion<\/strong>\u201c, schrieb der Demokrat.\u00a0<\/p>\n<p><strong>In den USA haben die Gouverneure eines Bundesstaates normalerweise die Kontrolle \u00fcber die jeweilige Nationalgarde<\/strong>. In Kriegszeiten oder bei nationalen Notf\u00e4llen kann aber der US-Pr\u00e4sident das Kommando \u00fcbernehmen. Die Nationalgarde ist eine milit\u00e4rische Reserveeinheit und Teil der US-Streitkr\u00e4fte. Sie kann etwa bei Naturkatastrophen, Unruhen oder Notf\u00e4llen im Inneren eingesetzt werden.<\/p>\n","protected":false},"excerpt":{"rendered":"Laut US-Medien k\u00f6nnten schon bald Nationalgardisten in der Region Chicago eintreffen. Der Versuch des Bundesstaats Illinois und der&hellip;\n","protected":false},"author":2,"featured_media":480871,"comment_status":"","ping_status":"","sticky":false,"template":"","format":"standard","meta":{"footnotes":""},"categories":[3977],"tags":[331,332,13,14,15,12,4017,4018,4016,64,4019,4020],"class_list":{"0":"post-480870","1":"post","2":"type-post","3":"status-publish","4":"format-standard","5":"has-post-thumbnail","7":"category-usa","8":"tag-aktuelle-nachrichten","9":"tag-aktuelle-news","10":"tag-headlines","11":"tag-nachrichten","12":"tag-news","13":"tag-schlagzeilen","14":"tag-united-states","15":"tag-united-states-of-america","16":"tag-us","17":"tag-usa","18":"tag-vereinigte-staaten","19":"tag-vereinigte-staaten-von-amerika"},"share_on_mastodon":{"url":"https:\/\/pubeurope.com\/@de\/115334893069574749","error":""},"_links":{"self":[{"href":"https:\/\/www.europesays.com\/de\/wp-json\/wp\/v2\/posts\/480870","targetHints":{"allow":["GET"]}}],"collection":[{"href":"https:\/\/www.europesays.com\/de\/wp-json\/wp\/v2\/posts"}],"about":[{"href":"https:\/\/www.europesays.com\/de\/wp-json\/wp\/v2\/types\/post"}],"author":[{"embeddable":true,"href":"https:\/\/www.europesays.com\/de\/wp-json\/wp\/v2\/users\/2"}],"replies":[{"embeddable":true,"href":"https:\/\/www.europesays.com\/de\/wp-json\/wp\/v2\/comments?post=480870"}],"version-history":[{"count":0,"href":"https:\/\/www.europesays.com\/de\/wp-json\/wp\/v2\/posts\/480870\/revisions"}],"wp:featuredmedia":[{"embeddable":true,"href":"https:\/\/www.europesays.com\/de\/wp-json\/wp\/v2\/media\/480871"}],"wp:attachment":[{"href":"https:\/\/www.europesays.com\/de\/wp-json\/wp\/v2\/media?parent=480870"}],"wp:term":[{"taxonomy":"category","embeddable":true,"href":"https:\/\/www.europesays.com\/de\/wp-json\/wp\/v2\/categories?post=480870"},{"taxonomy":"post_tag","embeddable":true,"href":"https:\/\/www.europesays.com\/de\/wp-json\/wp\/v2\/tags?post=480870"}],"curies":[{"name":"wp","href":"https:\/\/api.w.org\/{rel}","templated":true}]}}