{"id":481169,"date":"2025-10-07T23:50:31","date_gmt":"2025-10-07T23:50:31","guid":{"rendered":"https:\/\/www.europesays.com\/de\/481169\/"},"modified":"2025-10-07T23:50:31","modified_gmt":"2025-10-07T23:50:31","slug":"das-sind-die-achtelfinalspiele-des-mittelrheinpokals","status":"publish","type":"post","link":"https:\/\/www.europesays.com\/de\/481169\/","title":{"rendered":"Das sind die Achtelfinalspiele des Mittelrheinpokals"},"content":{"rendered":"<p>   Das sind die Achtelfinalspiele des Mittelrheinpokals &#8211; FuPa                                               <\/p>\n<p>FuPa ben\u00f6tigt JavaScript, um richtig zu funktionieren.<\/p>\n<p> Browser nicht unterst\u00fctzt <\/p>\n<p>  Du verwendest einen veralteten Browser, wodurch die Funktionalit\u00e4t von FuPa eingeschr\u00e4nkt ist und es zu unerwarteten Fehlern kommen kann. Damit du FuPa vollumf\u00e4nglich nutzen kannst und wir dir eine bessere Nutzungserfahrung und mehr Sicherheit auf unserer Anwendung bieten k\u00f6nnen, nutze bitte einen aktuellen Browser.      <img loading=\"lazy\" decoding=\"async\" src=\"https:\/\/www.europesays.com\/de\/wp-content\/uploads\/2025\/10\/vgzm.2780411-3136245.gif\" height=\"1\" width=\"1\" class=\"sc-1wcyr0h-16 hojaCI\"\/>Du wirst automatisch weitergeleitet&#8230;<img fetchpriority=\"high\" decoding=\"async\" loading=\"eager\" src=\"https:\/\/www.europesays.com\/de\/wp-content\/uploads\/2025\/10\/1759881031_94_960x640.jpeg\" alt=\"\" title=\"\" width=\"960\" height=\"640\" class=\"sc-wadapo-3 klmthQ mui-style-2vfs2l\"\/> \u2013 Foto: Gerhard Hannappel <\/p>\n<p data-start=\"305\" data-end=\"530\">Vor wenigen Augenblicken wurde die Auslosung der Achtelfinalpartien im Mittelrheinpokal \u2013 dem Verbandspokal am Mittelrhein \u2013 abgeschlossen. Der Landesligist FV Bonn-Endenich darf sich dabei \u00fcber das ganz gro\u00dfe Los freuen.<\/p>\n<p data-start=\"532\" data-end=\"946\">Die Ziehung verlief kurz, schmerzlos und ohne Zwischenf\u00e4lle. Und sie hatte es in sich: Mindestens ein Bezirksligist wird ins Viertelfinale einziehen, denn mit dem SC Elsdorf (Bezirksliga 3) und dem SSV Jan Wellem (Bezirksliga 1) stehen sich zwei unterklassige Teams direkt gegen\u00fcber. Auch ein reines Landesliga-Duell wurde gezogen: Borussia Lindenthal-Hohenlind trifft auf den SV Eilendorf.<\/p>\n<p data-start=\"948\" data-end=\"1272\">Das Spiel mit der gr\u00f6\u00dften Strahlkraft: FV Bonn-Endenich empf\u00e4ngt den Drittligisten Alemannia Aachen \u2013 ein Highlight f\u00fcr den Klub aus dem Bonner Westen. Auch der zweite Drittligist Viktoria K\u00f6ln wurde ein Au\u00dfenseiter zugelost: Die Mannschaft von Marian Wilhelm muss beim Bezirksligisten Wahlscheider SV antreten.<\/p>\n<p> Die Achtelfinalpartien der Herren im \u00dcberblick <\/p>\n<p>FC Hennef 05 \u2013 Bonner SC<br \/>DJK Rasensport Aachen-Brand \u2013 SC Fortuna K\u00f6ln<br \/>SC Elsdorf \u2013 SSV Jan Wellem Bergisch Gladbach<br \/>Siegburger SV \u2013 FC Pesch<br \/>FV Bonn-Endenich \u2013 Alemannia Aachen<br \/>Wahlscheider SV \u2013 Viktoria K\u00f6ln<br \/>SV Eintracht Hohkeppel \u2013 SpVg. Frechen 20<br \/>SC Borussia Lindenthal-Hohenlind \u2013 SV Eilendorf<\/p>\n<p> Die Achtelfinalpartien der Frauen im \u00dcberblick <\/p>\n<p>Vorw\u00e4rts Spoho K\u00f6ln \u2013 SV Deutz 05<br \/>SV Menden \u2013 SC Fortuna K\u00f6ln<br \/>Bedburger BV \u2013 TuS J\u00fcngersdorf-St\u00fctgerloch<br \/>Sieger Pay-Off-Spiel 3 \u2013 TuS Homburg-Br\u00f6ltal<br \/>Sieger Pay-Off-Spiel 1 \u2013 Viktoria Waldenrath-Straeten<br \/>Sieger Pay-Off-Spiel 4 \u2013 Sieger Pay-Off-Spiel 2<br \/>VfL Kommern \u2013 Alemannia Aachen<br \/>Viktoria K\u00f6ln \u2013 SV RW Merl<\/p>\n<p> Die Play-Off-Spiele im Frauen-Mittelrheinliga-Pokal <\/p>\n<p>Spiel 1: SC Selfkant \u2013 SC Alemannia Stra\u00df<br \/>Spiel 2: FC Eschweiler \u2013 TuS Birk<br \/>Spiel 3: ESV Olympia K\u00f6ln \u2013 TV Bonn-Rheindorf<br \/>Spiel 4: TuS BW K\u00f6nigsdorf \u2013 SV Eintracht Hohkeppel<\/p>\n<p>Aufrufe: 07.10.2025, 19:50 Uhr<\/p>\n","protected":false},"excerpt":{"rendered":"Das sind die Achtelfinalspiele des Mittelrheinpokals &#8211; FuPa FuPa ben\u00f6tigt JavaScript, um richtig zu funktionieren. Browser nicht unterst\u00fctzt&hellip;\n","protected":false},"author":2,"featured_media":481170,"comment_status":"","ping_status":"","sticky":false,"template":"","format":"standard","meta":{"footnotes":""},"categories":[1842],"tags":[999,60507,5633,121634,1741,3842,3364,29,121636,5809,5816,121635,4564,30,65134,121633,3841,19911,1209,3840,121637,47898,5806,5810,5811,60516,103487,11614,6921,119881],"class_list":{"0":"post-481169","1":"post","2":"type-post","3":"status-publish","4":"format-standard","5":"has-post-thumbnail","7":"category-bonn","8":"tag-alemannia-aachen","9":"tag-bezirksliga-mittelrhein-staffel-1","10":"tag-bezirksliga-mittelrhein-staffel-2","11":"tag-bezirksliga-mittelrhein-staffel-3","12":"tag-bonn","13":"tag-bonner-sc","14":"tag-de","15":"tag-deutschland","16":"tag-djk-rasensport-brand","17":"tag-fc-hennef-05","18":"tag-fc-pesch","19":"tag-frauen-mittelrheinpokal","20":"tag-fv-bonn-endenich","21":"tag-germany","22":"tag-landesliga-mittelrhein-staffel-1","23":"tag-landesliga-mittelrhein-staffel-2","24":"tag-mittelrheinliga","25":"tag-mittelrheinpokal","26":"tag-nordrhein-westfalen","27":"tag-regionalliga-west","28":"tag-sc-08-elsdorf","29":"tag-sc-borussia-lindenthal-hohenlind","30":"tag-sc-fortuna-koeln","31":"tag-siegburger-sv-04","32":"tag-spvg-frechen-20","33":"tag-ssv-jan-wellem-05-bergisch-gladbach","34":"tag-sv-eilendorf","35":"tag-sv-eintracht-hohkeppel","36":"tag-viktoria-koeln","37":"tag-wahlscheider-sv"},"share_on_mastodon":{"url":"","error":"Validation failed: Text character limit of 500 exceeded"},"_links":{"self":[{"href":"https:\/\/www.europesays.com\/de\/wp-json\/wp\/v2\/posts\/481169","targetHints":{"allow":["GET"]}}],"collection":[{"href":"https:\/\/www.europesays.com\/de\/wp-json\/wp\/v2\/posts"}],"about":[{"href":"https:\/\/www.europesays.com\/de\/wp-json\/wp\/v2\/types\/post"}],"author":[{"embeddable":true,"href":"https:\/\/www.europesays.com\/de\/wp-json\/wp\/v2\/users\/2"}],"replies":[{"embeddable":true,"href":"https:\/\/www.europesays.com\/de\/wp-json\/wp\/v2\/comments?post=481169"}],"version-history":[{"count":0,"href":"https:\/\/www.europesays.com\/de\/wp-json\/wp\/v2\/posts\/481169\/revisions"}],"wp:featuredmedia":[{"embeddable":true,"href":"https:\/\/www.europesays.com\/de\/wp-json\/wp\/v2\/media\/481170"}],"wp:attachment":[{"href":"https:\/\/www.europesays.com\/de\/wp-json\/wp\/v2\/media?parent=481169"}],"wp:term":[{"taxonomy":"category","embeddable":true,"href":"https:\/\/www.europesays.com\/de\/wp-json\/wp\/v2\/categories?post=481169"},{"taxonomy":"post_tag","embeddable":true,"href":"https:\/\/www.europesays.com\/de\/wp-json\/wp\/v2\/tags?post=481169"}],"curies":[{"name":"wp","href":"https:\/\/api.w.org\/{rel}","templated":true}]}}