{"id":481347,"date":"2025-10-08T01:28:41","date_gmt":"2025-10-08T01:28:41","guid":{"rendered":"https:\/\/www.europesays.com\/de\/481347\/"},"modified":"2025-10-08T01:28:41","modified_gmt":"2025-10-08T01:28:41","slug":"das-ist-der-trainer-von-fortuna-duesseldorf","status":"publish","type":"post","link":"https:\/\/www.europesays.com\/de\/481347\/","title":{"rendered":"Das ist der Trainer von Fortuna D\u00fcsseldorf"},"content":{"rendered":"<p>                        Video        <\/p>\n<p>            Markus Anfang: Das ist der Trainer von Fortuna D\u00fcsseldorf<\/p>\n<p class=\"richtext mb-4 last:mb-0\">Markus Anfang ist am 12. Juli 1974 in K\u00f6ln geboren. Beim TSV Bayer Dormagen und dem KSV Heimersdorf in K\u00f6ln beginnt er mit dem Fu\u00dfballspielen. 1994 schlie\u00dft er sich Bayer Leverkusen II an. Ein Jahr sp\u00e4ter wechselt er zu Fortuna D\u00fcsseldorf. Hier startet er in der Bundesliga seine Profikarriere.<\/p>\n<p class=\"richtext mb-4 last:mb-0\">Nach einer Station beim FC Schalke 04 spielt er f\u00fcr den FC Tirol Innsbruck in \u00d6sterreich und wird dort dreimal in Folge Meister. Danach kehrt er als Spieler beim 1. FC Kaiserslautern nach Deutschland zur\u00fcck. 2003 erreicht Anfang mit dem FCK das Finale des DFB-Pokals. Nach Stationen beim FC Energie Cottbus und dem MSV Duisburg wechselt er 2006 f\u00fcr zwei Jahre wieder zur Fortuna.<\/p>\n<p class=\"richtext mb-4 last:mb-0\">Im Anschluss spielt er f\u00fcr den FC Wacker Innsbruck und Eintracht Trier. In Trier arbeitet er vor dem Ende der aktiven Laufbahn als Scout und macht seinen Trainerschein. Zur Saison 2010\/11 startet Anfang als Trainer beim SC Kapellen-Erft. Von 2013 bis 2016 ist er im Nachwuchsleistungszentrum von Bayer Leverkusen t\u00e4tig.<\/p>\n<p class=\"richtext mb-4 last:mb-0\">Im August 2016 wird Anfang Trainer des Drittligisten Holstein Kiel. Dort feiert er seinen gr\u00f6\u00dften Erfolg als Trainer: Holstein Kiel steigt in die 2. Liga auf. Anschlie\u00dfend trainiert er den 1. FC K\u00f6ln, SV Darmstadt 98 und Werder Bremen.<\/p>\n<p class=\"richtext mb-4 last:mb-0\">Im November 2021 tritt Anfang von seinem Amt in Bremen zur\u00fcck, weil er w\u00e4hrend der Corona-Pandemie ein gef\u00e4lschtes Impfzertifikat benutzte. Er erh\u00e4lt eine Strafe vom DFB und darf ein Jahr lang keine Trainert\u00e4tigkeit aus\u00fcben. Ein Teil der Sperre wird zur Bew\u00e4hrung ausgesetzt.<\/p>\n<p class=\"richtext mb-4 last:mb-0\">Nach Ablauf der Sperre trainiert er zun\u00e4chst Dynamo Dresden und schlie\u00dfend den 1. FC Kaiserslautern. Mit beiden Vereinen befindet er sich im Aufstiegsrennen, rutscht in der Tabelle aber jeweils ab. Letztendlich stellen ihn Dresden und der FCK frei. Im Oktober 2025 wird Anfang als neuer Fortuna-Coach und Nachfolger von Thioune vorgestellt.<\/p>\n","protected":false},"excerpt":{"rendered":"Video Markus Anfang: Das ist der Trainer von Fortuna D\u00fcsseldorf Markus Anfang ist am 12. Juli 1974 in&hellip;\n","protected":false},"author":2,"featured_media":481348,"comment_status":"","ping_status":"","sticky":false,"template":"","format":"standard","meta":{"footnotes":""},"categories":[1831],"tags":[3364,29,3405,30,1209],"class_list":{"0":"post-481347","1":"post","2":"type-post","3":"status-publish","4":"format-standard","5":"has-post-thumbnail","7":"category-duesseldorf","8":"tag-de","9":"tag-deutschland","10":"tag-duesseldorf","11":"tag-germany","12":"tag-nordrhein-westfalen"},"share_on_mastodon":{"url":"https:\/\/pubeurope.com\/@de\/115335954823707515","error":""},"_links":{"self":[{"href":"https:\/\/www.europesays.com\/de\/wp-json\/wp\/v2\/posts\/481347","targetHints":{"allow":["GET"]}}],"collection":[{"href":"https:\/\/www.europesays.com\/de\/wp-json\/wp\/v2\/posts"}],"about":[{"href":"https:\/\/www.europesays.com\/de\/wp-json\/wp\/v2\/types\/post"}],"author":[{"embeddable":true,"href":"https:\/\/www.europesays.com\/de\/wp-json\/wp\/v2\/users\/2"}],"replies":[{"embeddable":true,"href":"https:\/\/www.europesays.com\/de\/wp-json\/wp\/v2\/comments?post=481347"}],"version-history":[{"count":0,"href":"https:\/\/www.europesays.com\/de\/wp-json\/wp\/v2\/posts\/481347\/revisions"}],"wp:featuredmedia":[{"embeddable":true,"href":"https:\/\/www.europesays.com\/de\/wp-json\/wp\/v2\/media\/481348"}],"wp:attachment":[{"href":"https:\/\/www.europesays.com\/de\/wp-json\/wp\/v2\/media?parent=481347"}],"wp:term":[{"taxonomy":"category","embeddable":true,"href":"https:\/\/www.europesays.com\/de\/wp-json\/wp\/v2\/categories?post=481347"},{"taxonomy":"post_tag","embeddable":true,"href":"https:\/\/www.europesays.com\/de\/wp-json\/wp\/v2\/tags?post=481347"}],"curies":[{"name":"wp","href":"https:\/\/api.w.org\/{rel}","templated":true}]}}