{"id":481351,"date":"2025-10-08T01:30:13","date_gmt":"2025-10-08T01:30:13","guid":{"rendered":"https:\/\/www.europesays.com\/de\/481351\/"},"modified":"2025-10-08T01:30:13","modified_gmt":"2025-10-08T01:30:13","slug":"ungeziefer-buergerbuero-sued-in-stuttgart-wegen-maeusen-geschlossen","status":"publish","type":"post","link":"https:\/\/www.europesays.com\/de\/481351\/","title":{"rendered":"Ungeziefer: B\u00fcrgerb\u00fcro S\u00fcd in Stuttgart wegen M\u00e4usen geschlossen"},"content":{"rendered":"<p>            Schlie\u00dfen<\/p>\n<p>            Ver\u00f6ffentlicht am<br \/>\n                <\/p>\n<p>        Hinweis<\/p>\n<p class=\"article-notice__text\">DIE ZEIT hat diese Meldung redaktionell nicht bearbeitet. Sie wurde automatisch von der Deutschen Presse-Agentur (dpa) \u00fcbernommen.<\/p>\n<p>            <img decoding=\"async\" class=\"article__media-item\" src=\"https:\/\/www.europesays.com\/de\/wp-content\/uploads\/2025\/10\/1759887013_753_wide__660x371.jpeg\" alt=\"Ungeziefer: Wegen M\u00e4usebefalls bleibt das B\u00fcrgerb\u00fcro S\u00fcd in Stuttgart geschlossen.\"\/><\/p>\n<p>                    Wegen M\u00e4usebefalls bleibt das B\u00fcrgerb\u00fcro S\u00fcd in Stuttgart geschlossen.<br \/>\n            \u00a9\u00a0Bernd Wei\u00dfbrod\/\u200bdpa<\/p>\n<p class=\"paragraph article__item\">Das B\u00fcrgerb\u00fcro S\u00fcd in <a class=\"rtr-entity\" href=\"https:\/\/www.zeit.de\/thema\/stuttgart\" rel=\"nofollow noopener\" target=\"_blank\">Stuttgart<\/a> ist wegen M\u00e4usebefalls geschlossen. Die Schlie\u00dfung soll voraussichtlich bis Ende Oktober dauern, wie die Stadt Stuttgart mitteilte. Die B\u00fcrger k\u00f6nnen f\u00fcr ihre Anliegen jedes andere offene B\u00fcrgerb\u00fcro der Stadt besuchen. Bereits fertiggestellte Ausweisdokumente k\u00f6nnen die B\u00fcrger im B\u00fcrgerb\u00fcro Mitte abholen. Die Mitarbeiter des B\u00fcrgerb\u00fcros S\u00fcd verst\u00e4rken unterdessen die anderen B\u00fcros in Stuttgart.\n<\/p>\n<p>Aktuelles<\/p>\n<p>                <a href=\"https:\/\/www.zeit.de\/mobilitaet\/2025-09\/bahn-ice-verbindungen-ausbau-struktur-sprinter\" data-ct-label=\"Fahrplanwechsel: Bahn plant mehr ICEs zwischen St\u00e4dten und weniger Z\u00fcge in der Fl\u00e4che\" rel=\"nofollow noopener\" target=\"_blank\"><\/p>\n<p>                        Fahrplanwechsel:<br \/>\n                        Bahn plant mehr ICEs zwischen St\u00e4dten und weniger Z\u00fcge in der Fl\u00e4che<\/p>\n<p>                <\/a><\/p>\n<p>                <a href=\"https:\/\/www.zeit.de\/hamburg\/2025-09\/zukunftsentscheid-hamburg-volksentscheid-klimaschutz-pro-contra\" data-ct-label=\"Hamburger Zukunftsentscheid: Jetzt blo\u00df nicht dumm stellen\" rel=\"nofollow noopener\" target=\"_blank\"><\/p>\n<p>        Z+ (abopflichtiger Inhalt);<\/p>\n<p>    Hamburger Zukunftsentscheid:<br \/>\n                        Jetzt blo\u00df nicht dumm stellen<\/p>\n<p>                <\/a><\/p>\n<p>                <a href=\"https:\/\/www.zeit.de\/zeit-wissen\/2025\/05\/armut-soziale-ungleichheit-gesellschaft-reichtum-entwicklung\" data-ct-label=\"Soziale Ungleichheit: Wer arm ist, ist halt selber schuld. Soll das so bleiben?\" rel=\"nofollow noopener\" target=\"_blank\"><\/p>\n<p>                        Soziale Ungleichheit:<br \/>\n                        Wer arm ist, ist halt selber schuld. Soll das so bleiben?<\/p>\n<p>                <\/a><\/p>\n<p class=\"paragraph article__item\">\u00a9 dpa-infocom, dpa:251007-930-132259\/2<\/p>\n","protected":false},"excerpt":{"rendered":"Schlie\u00dfen Ver\u00f6ffentlicht am Hinweis DIE ZEIT hat diese Meldung redaktionell nicht bearbeitet. Sie wurde automatisch von der Deutschen&hellip;\n","protected":false},"author":2,"featured_media":481352,"comment_status":"","ping_status":"","sticky":false,"template":"","format":"standard","meta":{"footnotes":""},"categories":[1830],"tags":[1634,12602,3364,29,30,24297,121664,15,1441,111462],"class_list":{"0":"post-481351","1":"post","2":"type-post","3":"status-publish","4":"format-standard","5":"has-post-thumbnail","7":"category-stuttgart","8":"tag-baden-wuerttemberg","9":"tag-buergerbuero","10":"tag-de","11":"tag-deutschland","12":"tag-germany","13":"tag-maus","14":"tag-maeusebefall","15":"tag-news","16":"tag-stuttgart","17":"tag-ungeziefer"},"share_on_mastodon":{"url":"https:\/\/pubeurope.com\/@de\/115335962732143781","error":""},"_links":{"self":[{"href":"https:\/\/www.europesays.com\/de\/wp-json\/wp\/v2\/posts\/481351","targetHints":{"allow":["GET"]}}],"collection":[{"href":"https:\/\/www.europesays.com\/de\/wp-json\/wp\/v2\/posts"}],"about":[{"href":"https:\/\/www.europesays.com\/de\/wp-json\/wp\/v2\/types\/post"}],"author":[{"embeddable":true,"href":"https:\/\/www.europesays.com\/de\/wp-json\/wp\/v2\/users\/2"}],"replies":[{"embeddable":true,"href":"https:\/\/www.europesays.com\/de\/wp-json\/wp\/v2\/comments?post=481351"}],"version-history":[{"count":0,"href":"https:\/\/www.europesays.com\/de\/wp-json\/wp\/v2\/posts\/481351\/revisions"}],"wp:featuredmedia":[{"embeddable":true,"href":"https:\/\/www.europesays.com\/de\/wp-json\/wp\/v2\/media\/481352"}],"wp:attachment":[{"href":"https:\/\/www.europesays.com\/de\/wp-json\/wp\/v2\/media?parent=481351"}],"wp:term":[{"taxonomy":"category","embeddable":true,"href":"https:\/\/www.europesays.com\/de\/wp-json\/wp\/v2\/categories?post=481351"},{"taxonomy":"post_tag","embeddable":true,"href":"https:\/\/www.europesays.com\/de\/wp-json\/wp\/v2\/tags?post=481351"}],"curies":[{"name":"wp","href":"https:\/\/api.w.org\/{rel}","templated":true}]}}