{"id":481363,"date":"2025-10-08T01:36:23","date_gmt":"2025-10-08T01:36:23","guid":{"rendered":"https:\/\/www.europesays.com\/de\/481363\/"},"modified":"2025-10-08T01:36:23","modified_gmt":"2025-10-08T01:36:23","slug":"muenchen-nick-cave-spielt-auf-seiner-deutschland-tour-auf-dem-koenigsplatz-muenchen","status":"publish","type":"post","link":"https:\/\/www.europesays.com\/de\/481363\/","title":{"rendered":"M\u00fcnchen: Nick Cave spielt auf seiner Deutschland-Tour auf dem K\u00f6nigsplatz &#8211; M\u00fcnchen"},"content":{"rendered":"<p data-manual=\"paragraph\" data-schema-org-speakable=\"true\" class=\"css-1eosz7k\">Er war gro\u00df, die Fans w\u00fcrden sagen: \u00fcbergro\u00df, der Auftritt von Nick Cave in der M\u00fcnchner Olympiahalle vor einem Jahr. <a href=\"https:\/\/www.sueddeutsche.de\/muenchen\/nick-cave-bad-seeds-konzert-muenchen-tour-olympiahalle-wild-god-kritik-lux.MSPaPzmvSZ8y4wuGpDajFE?reduced=true\" rel=\"nofollow noopener\" target=\"_blank\">So sch\u00f6n dicht und ergreifend diese Konzertmesse f\u00fcr den selbst ernannten\u00a0 \u201eWild God\u201c (so hie\u00df sein damals aktuelles Album) auch war<\/a>, es war jedem Anwesenden klar: Das ginge noch m\u00e4chtiger. Der \u201eletzte Romantiker der Rockmusik\u201c w\u00fcrde f\u00fcr sein Erl\u00f6ser-Programm auch noch gr\u00f6\u00dfere Stadien f\u00fcllen mit seiner Pr\u00e4senz, und mit Fans eh, die Tour war vollkommen ausverkauft.<\/p>\n<p data-manual=\"paragraph\" data-schema-org-speakable=\"true\" class=\"css-1eosz7k\">Und so kommt es nun: Im Sommer 2026 kehrt Nick Cave mit seiner Band The Bad Seeds nach Europa zur\u00fcck, und bei seinen 30 Konzerten spielt er auch f\u00fcnf Open-Airs in Deutschland, das in <a href=\"https:\/\/www.sueddeutsche.de\/thema\/M%C3%BCnchen\" rel=\"nofollow noopener\" target=\"_blank\">M\u00fcnchen<\/a> am Sonntag, 23. August, auf dem 20 000 G\u00e4ste fassenden <a href=\"https:\/\/www.sueddeutsche.de\/thema\/K%C3%B6nigsplatz\" rel=\"nofollow noopener\" target=\"_blank\">K\u00f6nigsplatz<\/a>. Weitere Auftritte sind am 16. Juni in Lingen, am 30. Juni in der Berliner Waldb\u00fchne, am 2. August am Dresdner Elbufer und am 25. August auf dem Kunstrasen Bonn. Der Vorverkauf startet am Freitag, 10. Oktober, 10 Uhr. \u201eEs sind Zeremonien, in denen sich Schmerz und Trost, Dunkelheit und Licht miteinander verbinden\u201c, schreibt der Veranstalter.<\/p>\n<p data-manual=\"paragraph\" data-schema-org-speakable=\"true\" class=\"css-1eosz7k\">Damit ist das Konzert wohl das Kontrastprogramm zu der zweiten Show, die nun gerade ebenfalls f\u00fcr 2026 auf dem M\u00fcnchner K\u00f6nigsplatz angek\u00fcndigt wurde: Tream will hier am Freitag, 14. August, den \u201ekr\u00f6nenden Abschluss\u201c\u00a0 seiner Freiluft-Tour zu Schl\u00f6ssern, Burgen und \u201elegend\u00e4ren Open-Air-B\u00fchnen\u201c feiern.<\/p>\n<p><img decoding=\"async\" src=\"https:\/\/www.europesays.com\/de\/wp-content\/uploads\/2025\/10\/d5d9fef7-bbc8-491f-ac4d-7acfce538d2d.jpg\"   alt=\"Heimatverbunden zeigt sich der Oberpf\u00e4lzer Rapper Tream mit seinem Outfit bei den Konzerten.\" loading=\"lazy\" class=\"css-8atqhb\"\/>Heimatverbunden zeigt sich der Oberpf\u00e4lzer Rapper Tream mit seinem Outfit bei den Konzerten. (Foto: Tream)<\/p>\n<p data-manual=\"paragraph\" data-schema-org-speakable=\"true\" class=\"css-1eosz7k\">Und wer den gelernten Koch aus B\u00fcchelk\u00fchn bei Schwandorf in der Oberpfalz nicht kennen sollte:\u00a0 Timo Grabinger bezeichnet sich selbst als \u201eDeutschlands ersten Schlagerrapper\u201c. Tream ist mit seinen Hits wie \u201eLebenslang\u201c (Platin f\u00fcr 400 000 Verk\u00e4ufe) unfassbar erfolgreich; er kooperierte mit Heino beim Lied \u201eAnna\u201c und verkaufte 100 000 Tickets f\u00fcr seine \u201eBiergarnitour\u201c-Tournee, die 2024 in der M\u00fcnchner Olympiahalle endete. Keine Frage, der 26-J\u00e4hrige mit dem wei\u00df-blau-karierten Halstuch braucht mehr Platz (weitere Konzerte gibt es etwa am 10. Juli beim Jahnstadion Regensburg und am 11. Juli im N\u00fcrnberger Stadionpark).<\/p>\n<p data-manual=\"paragraph\" data-schema-org-speakable=\"true\" class=\"css-1eosz7k\">Damit sind zwei der acht m\u00f6glichen Konzerte 2026 auf dem M\u00fcnchner K\u00f6nigsplatz bekannt. <a href=\"https:\/\/www.sueddeutsche.de\/muenchen\/koenigsplatz-mehr-konzerte-stadtraete-li.3277642\" rel=\"nofollow noopener\" target=\"_blank\">Die Stadt hatte auf Bitten der Veranstalter im Juli beschlossen, das klassizistische Areal f\u00fcr mehr Pop-Events zu \u00f6ffnen.<\/a><\/p>\n","protected":false},"excerpt":{"rendered":"Er war gro\u00df, die Fans w\u00fcrden sagen: \u00fcbergro\u00df, der Auftritt von Nick Cave in der M\u00fcnchner Olympiahalle vor&hellip;\n","protected":false},"author":2,"featured_media":481364,"comment_status":"","ping_status":"","sticky":false,"template":"","format":"standard","meta":{"footnotes":""},"categories":[1827],"tags":[772,29,30,39311,3371,20530,2392,6778,1268,2813,149],"class_list":{"0":"post-481363","1":"post","2":"type-post","3":"status-publish","4":"format-standard","5":"has-post-thumbnail","7":"category-muenchen","8":"tag-bayern","9":"tag-deutschland","10":"tag-germany","11":"tag-koenigsplatz","12":"tag-konzerte-muenchen","13":"tag-kultur-in-bayern","14":"tag-kultur-in-muenchen","15":"tag-maxvorstadt","16":"tag-muenchen","17":"tag-muenchen-stadtteile","18":"tag-sueddeutsche-zeitung"},"share_on_mastodon":{"url":"https:\/\/pubeurope.com\/@de\/115335986348881660","error":""},"_links":{"self":[{"href":"https:\/\/www.europesays.com\/de\/wp-json\/wp\/v2\/posts\/481363","targetHints":{"allow":["GET"]}}],"collection":[{"href":"https:\/\/www.europesays.com\/de\/wp-json\/wp\/v2\/posts"}],"about":[{"href":"https:\/\/www.europesays.com\/de\/wp-json\/wp\/v2\/types\/post"}],"author":[{"embeddable":true,"href":"https:\/\/www.europesays.com\/de\/wp-json\/wp\/v2\/users\/2"}],"replies":[{"embeddable":true,"href":"https:\/\/www.europesays.com\/de\/wp-json\/wp\/v2\/comments?post=481363"}],"version-history":[{"count":0,"href":"https:\/\/www.europesays.com\/de\/wp-json\/wp\/v2\/posts\/481363\/revisions"}],"wp:featuredmedia":[{"embeddable":true,"href":"https:\/\/www.europesays.com\/de\/wp-json\/wp\/v2\/media\/481364"}],"wp:attachment":[{"href":"https:\/\/www.europesays.com\/de\/wp-json\/wp\/v2\/media?parent=481363"}],"wp:term":[{"taxonomy":"category","embeddable":true,"href":"https:\/\/www.europesays.com\/de\/wp-json\/wp\/v2\/categories?post=481363"},{"taxonomy":"post_tag","embeddable":true,"href":"https:\/\/www.europesays.com\/de\/wp-json\/wp\/v2\/tags?post=481363"}],"curies":[{"name":"wp","href":"https:\/\/api.w.org\/{rel}","templated":true}]}}