{"id":481524,"date":"2025-10-08T03:05:11","date_gmt":"2025-10-08T03:05:11","guid":{"rendered":"https:\/\/www.europesays.com\/de\/481524\/"},"modified":"2025-10-08T03:05:11","modified_gmt":"2025-10-08T03:05:11","slug":"berlin-brandenburg-corona-und-grippe-apotheken-laden-zur-impfung-ein","status":"publish","type":"post","link":"https:\/\/www.europesays.com\/de\/481524\/","title":{"rendered":"Berlin &#038; Brandenburg: Corona und Grippe: Apotheken laden zur Impfung ein"},"content":{"rendered":"<p>                    Berlin &amp; Brandenburg<br \/>\n                Corona und Grippe: Apotheken laden zur Impfung ein<\/p>\n<p>\t\t\t\t              08.10.2025, 05:02 Uhr<\/p>\n<p><strong>Impfen bis zur sp\u00e4ten Stunde: Viele Apotheken \u00f6ffnen heute ihre T\u00fcren l\u00e4nger \u2013 f\u00fcr alle, die sich gegen Corona und Grippe sch\u00fctzen wollen.<\/strong><\/p>\n<p>Berlin (dpa\/bb) &#8211; Apotheken in Berlin und Brandenburg laden zur &#8222;Langen Nacht des Impfens&#8220; ein. Teilweise bis 22.00 Uhr k\u00f6nnen sich Menschen gegen Corona und Grippe dabei impfen zu lassen. In der Hauptstadt nehmen mehrere Apotheken an der bundesweiten Aktion teil, wie der zu entnehmen ist.<\/p>\n<p>In Brandenburg sind etwa das Gesundheitsamt Neuruppin und Apotheken in Teltow und Ahrensfelde als teilnehmende Einrichtung eingetragen. Interessierte sollten sich vorab vor Ort zu den jeweiligen \u00d6ffnungszeiten informieren und gegebenenfalls einen Termin vereinbaren, wie es hie\u00df.<\/p>\n<p>Impfempfehlung unter anderem f\u00fcr Menschen ab 60<\/p>\n<p>&#8222;Gerade in der k\u00e4lteren Jahreszeit ist der Schutz vor Atemwegserkrankungen besonders wichtig&#8220;, wird Berlins Gesundheitssenatorin Ina Czyborra (SPD) in einer Mitteilung zitiert. &#8222;Impfungen gegen Influenza und COVID-19 sind dabei ein zentraler Baustein, um schwere Krankheitsverl\u00e4ufe zu verhindern und die Gesundheit unserer Bev\u00f6lkerung zu sch\u00fctzen.&#8220; Sie appelliere an alle Berlinerinnen und Berliner, die Impfangebote sowohl zum eigenen als auch zum Schutz anderer Menschen wahrzunehmen.<\/p>\n<p>Die Aktion findet das dritte Jahr in Folge statt. Ziel ist es, auf die anstehende Impfsaison aufmerksam zu machen und die Impfquoten in Deutschland zu erh\u00f6hen. Die St\u00e4ndige Impfkommission (Stiko) empfiehlt eine j\u00e4hrliche Auffrischungsimpfung gegen Covid-19 und Influenza unter anderem Menschen ab 60 Jahren und Personen mit Vorerkrankungen.<\/p>\n","protected":false},"excerpt":{"rendered":"Berlin &amp; Brandenburg Corona und Grippe: Apotheken laden zur Impfung ein 08.10.2025, 05:02 Uhr Impfen bis zur sp\u00e4ten&hellip;\n","protected":false},"author":2,"featured_media":481525,"comment_status":"","ping_status":"","sticky":false,"template":"","format":"standard","meta":{"footnotes":""},"categories":[1825],"tags":[3279,296,1890,3821,29,30,13411,755],"class_list":{"0":"post-481524","1":"post","2":"type-post","3":"status-publish","4":"format-standard","5":"has-post-thumbnail","7":"category-berlin","8":"tag-apotheken","9":"tag-berlin","10":"tag-brandenburg","11":"tag-corona","12":"tag-deutschland","13":"tag-germany","14":"tag-grippe","15":"tag-impfung"},"share_on_mastodon":{"url":"https:\/\/pubeurope.com\/@de\/115336336294294196","error":""},"_links":{"self":[{"href":"https:\/\/www.europesays.com\/de\/wp-json\/wp\/v2\/posts\/481524","targetHints":{"allow":["GET"]}}],"collection":[{"href":"https:\/\/www.europesays.com\/de\/wp-json\/wp\/v2\/posts"}],"about":[{"href":"https:\/\/www.europesays.com\/de\/wp-json\/wp\/v2\/types\/post"}],"author":[{"embeddable":true,"href":"https:\/\/www.europesays.com\/de\/wp-json\/wp\/v2\/users\/2"}],"replies":[{"embeddable":true,"href":"https:\/\/www.europesays.com\/de\/wp-json\/wp\/v2\/comments?post=481524"}],"version-history":[{"count":0,"href":"https:\/\/www.europesays.com\/de\/wp-json\/wp\/v2\/posts\/481524\/revisions"}],"wp:featuredmedia":[{"embeddable":true,"href":"https:\/\/www.europesays.com\/de\/wp-json\/wp\/v2\/media\/481525"}],"wp:attachment":[{"href":"https:\/\/www.europesays.com\/de\/wp-json\/wp\/v2\/media?parent=481524"}],"wp:term":[{"taxonomy":"category","embeddable":true,"href":"https:\/\/www.europesays.com\/de\/wp-json\/wp\/v2\/categories?post=481524"},{"taxonomy":"post_tag","embeddable":true,"href":"https:\/\/www.europesays.com\/de\/wp-json\/wp\/v2\/tags?post=481524"}],"curies":[{"name":"wp","href":"https:\/\/api.w.org\/{rel}","templated":true}]}}